{"id":15532,"date":"2023-03-19T20:15:39","date_gmt":"2023-03-19T19:15:39","guid":{"rendered":"https:\/\/www.svzweckel.de\/?p=15532"},"modified":"2023-03-19T20:28:45","modified_gmt":"2023-03-19T19:28:45","slug":"verdienter-derbysieg","status":"publish","type":"post","link":"https:\/\/www.svzweckel.de\/?p=15532","title":{"rendered":"Verdienter Derbysieg"},"content":{"rendered":"\n<p>SV Zweckel &#8211; SC Hassel 3:2 (2:2)<\/p>\n\n\n\n<p>Aufatmen in Zweckel, denn gegen den Nachbarn aus Hassel konnte der erste Dreier in Jahr 2023 eingefahren werden. <\/p>\n\n\n\n<p>Es begann denkbar schlecht f\u00fcr die Zweckeler, denn Trainer G\u00fcnter Appelt musste auf einige Kr\u00e4fte verzichten. Marlon Boris und Malte Kulmer mussten verletzungsbedingt zusehen, Julius Wloch war nach der f\u00fcnften gelben Karte gesperrt und weitere Zweckeler Spieler fehlten aus unterschiedlichen Gr\u00fcnden. <\/p>\n\n\n\n<p>Die Zweckeler waren kaum auf dem Spielfeld, da lagen sie auch schon mit 0:1 hinten. In der 4. Minute gingen die G\u00e4ste in F\u00fchrung. Die Gastgeber steckten den R\u00fcckstand jedoch gut weg und erzielten durch Sebastian Waldner nur f\u00fcnf Minuten sp\u00e4ter nach Vorarbeit durch Jan Schwers den Ausgleich.<\/p>\n\n\n\n<p>Danach wurde es nicht einfacher f\u00fcr die Hausherren, denn der Zweckeler Kapit\u00e4n Sebastian Hagemeister musste nach einem harten Hasseler Einsteigen verletzungsbedingt das Spielfeld verlassen. F\u00fcr ihn kam Alexander H\u00fcsgen in die Abwehrreihe.<\/p>\n\n\n\n<p>In der 20. Minute gingen die G\u00e4ste wieder mit 1:2 in F\u00fchrung, als die Abwehr der Schwarz-Gr\u00fcnen noch nicht richtig sortiert war. Diesmal ben\u00f6tigten die Zweckeler jedoch eine gute Viertelstunde, um den erneuten Ausgleich. Der starke Tarek el Meshai (siehe Fototraf in der 33. Minute mit einem tollen Schuss aus gut 25 Metern zum Ausgleich. Mit diesem Ergebnis wurden die Seiten gewechselt. <\/p>\n\n\n\n<p>Nach dem Seitenwechsel wurde Armand Lalo Penka Kouesso f\u00fcr den verletzten Marcel Heidenreich eingewechselt und die Partie verflachte etwas. Die G\u00e4ste, die bis dahin kaum Chancen erarbeitet hatten, waren nicht mehr so gef\u00e4hrlich wie in der ersten Halbzeit, da die Zweckeler Abwehr sich im Laufe der Partie immer besser auf die schnellen Angreifer der G\u00e4ste eingestellt hatte.<\/p>\n\n\n\n<p>Die Gastgeber dr\u00fcckten weiterhin aufs Tempo und schienen konditionell offensichtlich besser drauf zu sein. Die G\u00e4ste bleiben bissig und kassierten allein in der zweiten Halbzeit sechs gelbe Karten. Durch hartes  Einsteigen musste auch Zweckels Torsch\u00fctze Sebastian Waldner in der 66. Minute ausgewechselt werden und f\u00fcr \u00d6mer Alp Selvi Platz machen. <\/p>\n\n\n\n<p>Eben jener Spieler bediente in der 73. Minute den mitgelaufenen Jan Schwers, der neben Pascalis Terzis zu den Aktivposten in der Zweckeler Offensive geh\u00f6rte und zum 3:2 F\u00fchrungstreffer einnetzte. <\/p>\n\n\n\n<p>Die Zweckeler brachten die knappe F\u00fchrung diesmal souver\u00e4n \u00fcber die Zeit, da die G\u00e4ste keine Optionen besa\u00dfen, die Zweckeler noch einmal in Verlegenheit zu bringen. Am Ende stand ein verdienter Sieg f\u00fcr die Schwarz-Gr\u00fcnen, die hoffentlich in der n\u00e4chsten Partie am kommenden Sonntag wieder auf eine gr\u00f6\u00dferen Kader zur\u00fcckgreifen k\u00f6nnen. <\/p>\n","protected":false},"excerpt":{"rendered":"<p>SV Zweckel &#8211; SC Hassel 3:2 (2:2) Aufatmen in Zweckel, denn gegen den Nachbarn aus Hassel konnte der erste Dreier in Jahr 2023 eingefahren werden. Es begann denkbar schlecht f\u00fcr die Zweckeler, denn Trainer G\u00fcnter Appelt musste auf einige Kr\u00e4fte verzichten. Marlon Boris und Malte Kulmer mussten verletzungsbedingt zusehen, Julius Wloch war nach der f\u00fcnften [&hellip;]<\/p>\n","protected":false},"author":3,"featured_media":15535,"comment_status":"open","ping_status":"closed","sticky":false,"template":"","format":"standard","meta":{"_jetpack_memberships_contains_paid_content":false,"footnotes":"","jetpack_publicize_message":"","jetpack_publicize_feature_enabled":true,"jetpack_social_post_already_shared":false,"jetpack_social_options":{"image_generator_settings":{"template":"highway","default_image_id":0,"font":"","enabled":false},"version":2}},"categories":[2],"tags":[],"class_list":["post-15532","post","type-post","status-publish","format-standard","has-post-thumbnail","hentry","category-1-mannschaft"],"jetpack_publicize_connections":[],"jetpack_featured_media_url":"https:\/\/i0.wp.com\/www.svzweckel.de\/wp-content\/uploads\/2023\/03\/SVZ-Ausgleich-2_2-Tarek.jpg?fit=800%2C533&ssl=1","jetpack_sharing_enabled":true,"_links":{"self":[{"href":"https:\/\/www.svzweckel.de\/index.php?rest_route=\/wp\/v2\/posts\/15532","targetHints":{"allow":["GET"]}}],"collection":[{"href":"https:\/\/www.svzweckel.de\/index.php?rest_route=\/wp\/v2\/posts"}],"about":[{"href":"https:\/\/www.svzweckel.de\/index.php?rest_route=\/wp\/v2\/types\/post"}],"author":[{"embeddable":true,"href":"https:\/\/www.svzweckel.de\/index.php?rest_route=\/wp\/v2\/users\/3"}],"replies":[{"embeddable":true,"href":"https:\/\/www.svzweckel.de\/index.php?rest_route=%2Fwp%2Fv2%2Fcomments&post=15532"}],"version-history":[{"count":0,"href":"https:\/\/www.svzweckel.de\/index.php?rest_route=\/wp\/v2\/posts\/15532\/revisions"}],"wp:featuredmedia":[{"embeddable":true,"href":"https:\/\/www.svzweckel.de\/index.php?rest_route=\/wp\/v2\/media\/15535"}],"wp:attachment":[{"href":"https:\/\/www.svzweckel.de\/index.php?rest_route=%2Fwp%2Fv2%2Fmedia&parent=15532"}],"wp:term":[{"taxonomy":"category","embeddable":true,"href":"https:\/\/www.svzweckel.de\/index.php?rest_route=%2Fwp%2Fv2%2Fcategories&post=15532"},{"taxonomy":"post_tag","embeddable":true,"href":"https:\/\/www.svzweckel.de\/index.php?rest_route=%2Fwp%2Fv2%2Ftags&post=15532"}],"curies":[{"name":"wp","href":"https:\/\/api.w.org\/{rel}","templated":true}]}}