{"id":15537,"date":"2023-03-20T11:26:24","date_gmt":"2023-03-20T10:26:24","guid":{"rendered":"https:\/\/www.svzweckel.de\/?p=15537"},"modified":"2023-03-20T11:26:25","modified_gmt":"2023-03-20T10:26:25","slug":"stuckenbusch-mit-aufwaertstrend","status":"publish","type":"post","link":"https:\/\/www.svzweckel.de\/?p=15537","title":{"rendered":"Stuckenbusch mit Aufw\u00e4rtstrend"},"content":{"rendered":"\n<p>Sonntag, 26.03.23, 15:00 Uhr: SF Stuckenbusch &#8211; SV Zweckel<\/p>\n\n\n\n<p>Der SV Zweckel muss am kommenden Sonntag beim Tabellenletzten in Stuckenbusch antreten. Das ist eine undankbare Aufgabe, denn das wird kein Spiel, das man mal eben im Vorbeigehen gewinnen kann. <\/p>\n\n\n\n<p>Die Stuckenbuscher haben am letzten Sonntag ihr erstes Saisonspiel gewonnen und das sogar ausw\u00e4rts bei Genclikspor Recklinghausen. <\/p>\n\n\n\n<p>Die Zweckeler haben drei wichtige Punkte im Abstiegskampf gegen den SC Hassel geholt und punkteten erstmals dreifach in diesem Jahr. Trotz gro\u00dfer Personalnot brachten die Schwarz-Gr\u00fcnen die Partie souver\u00e4n \u00fcber die Runden und gewannen v\u00f6llig verdient. Inbesondere der Wille und die Moral der gesamten Mannschaft sind hervorzuheben, denn trotz vieler R\u00fcckschl\u00e4ge hat das Team alles f\u00fcr den Sieg gegeben und bis zur letzten Minute um jeden Ball gek\u00e4mpft.<\/p>\n\n\n\n<p>Nat\u00fcrlich sind die Zweckeler im Stuckenbusch Favorit und sollten dort auch gewinnen, allerdings wird Trainer G\u00fcnter Appelt mit Sicherheit auf die Euphoriebremse treten, denn nach dem wichtigen Sieg gegen Hassel ist die Mannschaft nur einen Punkt von einem Abstiegsplatz entfernt. Allerdings haben die Zweckeler ein Spiel weniger als s\u00e4mtliche Abstiegskonkurrenten ausgetragen. <\/p>\n","protected":false},"excerpt":{"rendered":"<p>Sonntag, 26.03.23, 15:00 Uhr: SF Stuckenbusch &#8211; SV Zweckel Der SV Zweckel muss am kommenden Sonntag beim Tabellenletzten in Stuckenbusch antreten. Das ist eine undankbare Aufgabe, denn das wird kein Spiel, das man mal eben im Vorbeigehen gewinnen kann. Die Stuckenbuscher haben am letzten Sonntag ihr erstes Saisonspiel gewonnen und das sogar ausw\u00e4rts bei Genclikspor [&hellip;]<\/p>\n","protected":false},"author":3,"featured_media":15538,"comment_status":"open","ping_status":"closed","sticky":false,"template":"","format":"standard","meta":{"_jetpack_memberships_contains_paid_content":false,"footnotes":"","jetpack_publicize_message":"","jetpack_publicize_feature_enabled":true,"jetpack_social_post_already_shared":false,"jetpack_social_options":{"image_generator_settings":{"template":"highway","default_image_id":0,"font":"","enabled":false},"version":2}},"categories":[2],"tags":[],"class_list":["post-15537","post","type-post","status-publish","format-standard","has-post-thumbnail","hentry","category-1-mannschaft"],"jetpack_publicize_connections":[],"jetpack_featured_media_url":"https:\/\/i0.wp.com\/www.svzweckel.de\/wp-content\/uploads\/2023\/03\/DSC00023.jpg?fit=800%2C533&ssl=1","jetpack_sharing_enabled":true,"_links":{"self":[{"href":"https:\/\/www.svzweckel.de\/index.php?rest_route=\/wp\/v2\/posts\/15537","targetHints":{"allow":["GET"]}}],"collection":[{"href":"https:\/\/www.svzweckel.de\/index.php?rest_route=\/wp\/v2\/posts"}],"about":[{"href":"https:\/\/www.svzweckel.de\/index.php?rest_route=\/wp\/v2\/types\/post"}],"author":[{"embeddable":true,"href":"https:\/\/www.svzweckel.de\/index.php?rest_route=\/wp\/v2\/users\/3"}],"replies":[{"embeddable":true,"href":"https:\/\/www.svzweckel.de\/index.php?rest_route=%2Fwp%2Fv2%2Fcomments&post=15537"}],"version-history":[{"count":0,"href":"https:\/\/www.svzweckel.de\/index.php?rest_route=\/wp\/v2\/posts\/15537\/revisions"}],"wp:featuredmedia":[{"embeddable":true,"href":"https:\/\/www.svzweckel.de\/index.php?rest_route=\/wp\/v2\/media\/15538"}],"wp:attachment":[{"href":"https:\/\/www.svzweckel.de\/index.php?rest_route=%2Fwp%2Fv2%2Fmedia&parent=15537"}],"wp:term":[{"taxonomy":"category","embeddable":true,"href":"https:\/\/www.svzweckel.de\/index.php?rest_route=%2Fwp%2Fv2%2Fcategories&post=15537"},{"taxonomy":"post_tag","embeddable":true,"href":"https:\/\/www.svzweckel.de\/index.php?rest_route=%2Fwp%2Fv2%2Ftags&post=15537"}],"curies":[{"name":"wp","href":"https:\/\/api.w.org\/{rel}","templated":true}]}}