{"id":15557,"date":"2023-03-27T10:35:05","date_gmt":"2023-03-27T08:35:05","guid":{"rendered":"https:\/\/www.svzweckel.de\/?p=15557"},"modified":"2023-03-27T10:35:07","modified_gmt":"2023-03-27T08:35:07","slug":"am-sonntag-gegen-den-vfb-kirchhellen","status":"publish","type":"post","link":"https:\/\/www.svzweckel.de\/?p=15557","title":{"rendered":"Am Sonntag gegen den VfB Kirchhellen"},"content":{"rendered":"\n<p>Sonntag, 02.04.23, 15:00 Uhr: SV Zweckel &#8211; VfB Kirchhellen<\/p>\n\n\n\n<p>Nach zuletzt zwei Siegen in Folge haben sich die Zweckeler trotz angespannter Personallage etwas Luft im Abstiegskampf verschafft und wollen nun gegen den Nachbarn aus Kirchhellen nachlegen. Das d\u00fcrfte sicher wieder eine schwierige Partie werden, denn der VfB hat lediglich einen Z\u00e4hler weniger auf der Habenseite und ist demnach auch noch mitten im Abstiegskampf und auf Punkte angewiesen. <\/p>\n\n\n\n<p>Am vergangenen Sonntag gewann Kirchhellen mit 4:0 sehr deutlich gegen Genclikspor Recklinghausen, die sich ebenfalls im Abstiegskampf befinden. Mann des Tages beim VfB war Dominik Selm, der f\u00fcr 3 Tore verantwortlich zeichnete.<\/p>\n\n\n\n<p>Die Zweckeler haben sich zumindest in der zweiten Halbzeit beim Tabellenschlusslicht gut pr\u00e4sentiert und haben auf schwierigem Gel\u00e4uf das Spiel souver\u00e4n mit 2:5 gewonnen. <\/p>\n\n\n\n<p>Trainer G\u00fcnter Appelt und sein Co-Trainer Timon Reschke hoffen darauf, dass in der laufenden Trainingswoche die Mannschaft gut trainieren kann, obwohl der Kader im Moment durch zahlreiche schwerwiegende Verletzungen arg dezimiert ist.<\/p>\n\n\n\n<p>Die Schwarz-Gr\u00fcnen werden wieder alles reinhauen, um die Punkte an der Dorstener Stra\u00dfe zu behalten und damit den Abstand zu den Abstiegspl\u00e4tzen vergr\u00f6\u00dfern zu k\u00f6nnen. <\/p>\n\n\n\n<p>\u00dcber Unterst\u00fctzung durch zahlreiche Zweckeler Zuschauer w\u00fcrde sich das Team sicher freuen, denn der Gast wird vermutlich wieder einige Fans mitbringen, die sich erfahrungsgem\u00e4\u00df auch lautstark bemerkbar machen werden.<\/p>\n","protected":false},"excerpt":{"rendered":"<p>Sonntag, 02.04.23, 15:00 Uhr: SV Zweckel &#8211; VfB Kirchhellen Nach zuletzt zwei Siegen in Folge haben sich die Zweckeler trotz angespannter Personallage etwas Luft im Abstiegskampf verschafft und wollen nun gegen den Nachbarn aus Kirchhellen nachlegen. Das d\u00fcrfte sicher wieder eine schwierige Partie werden, denn der VfB hat lediglich einen Z\u00e4hler weniger auf der Habenseite [&hellip;]<\/p>\n","protected":false},"author":3,"featured_media":15556,"comment_status":"open","ping_status":"closed","sticky":false,"template":"","format":"standard","meta":{"_jetpack_memberships_contains_paid_content":false,"footnotes":"","jetpack_publicize_message":"","jetpack_publicize_feature_enabled":true,"jetpack_social_post_already_shared":false,"jetpack_social_options":{"image_generator_settings":{"template":"highway","default_image_id":0,"font":"","enabled":false},"version":2}},"categories":[2],"tags":[],"class_list":["post-15557","post","type-post","status-publish","format-standard","has-post-thumbnail","hentry","category-1-mannschaft"],"jetpack_publicize_connections":[],"jetpack_featured_media_url":"https:\/\/i0.wp.com\/www.svzweckel.de\/wp-content\/uploads\/2023\/03\/wp-16798999626205685971346685555587-scaled.jpg?fit=2560%2C1440&ssl=1","jetpack_sharing_enabled":true,"_links":{"self":[{"href":"https:\/\/www.svzweckel.de\/index.php?rest_route=\/wp\/v2\/posts\/15557","targetHints":{"allow":["GET"]}}],"collection":[{"href":"https:\/\/www.svzweckel.de\/index.php?rest_route=\/wp\/v2\/posts"}],"about":[{"href":"https:\/\/www.svzweckel.de\/index.php?rest_route=\/wp\/v2\/types\/post"}],"author":[{"embeddable":true,"href":"https:\/\/www.svzweckel.de\/index.php?rest_route=\/wp\/v2\/users\/3"}],"replies":[{"embeddable":true,"href":"https:\/\/www.svzweckel.de\/index.php?rest_route=%2Fwp%2Fv2%2Fcomments&post=15557"}],"version-history":[{"count":0,"href":"https:\/\/www.svzweckel.de\/index.php?rest_route=\/wp\/v2\/posts\/15557\/revisions"}],"wp:featuredmedia":[{"embeddable":true,"href":"https:\/\/www.svzweckel.de\/index.php?rest_route=\/wp\/v2\/media\/15556"}],"wp:attachment":[{"href":"https:\/\/www.svzweckel.de\/index.php?rest_route=%2Fwp%2Fv2%2Fmedia&parent=15557"}],"wp:term":[{"taxonomy":"category","embeddable":true,"href":"https:\/\/www.svzweckel.de\/index.php?rest_route=%2Fwp%2Fv2%2Fcategories&post=15557"},{"taxonomy":"post_tag","embeddable":true,"href":"https:\/\/www.svzweckel.de\/index.php?rest_route=%2Fwp%2Fv2%2Ftags&post=15557"}],"curies":[{"name":"wp","href":"https:\/\/api.w.org\/{rel}","templated":true}]}}