{"id":15581,"date":"2023-04-02T19:55:37","date_gmt":"2023-04-02T17:55:37","guid":{"rendered":"https:\/\/www.svzweckel.de\/?p=15581"},"modified":"2023-04-02T19:55:39","modified_gmt":"2023-04-02T17:55:39","slug":"wichtiger-sieg-gegen-kirchhellen-2","status":"publish","type":"post","link":"https:\/\/www.svzweckel.de\/?p=15581","title":{"rendered":"Wichtiger Sieg gegen Kirchhellen"},"content":{"rendered":"\n<p>SV Zweckel &#8211; VfB Kirchhellen 2:1 (1:0)<\/p>\n\n\n\n<p>Am Ende stand ein knapper aber mehr als verdienter Sieg gegen den Nachbarn aus Kirchhellen. Mancher Zuschauer sah sich schon an das letzte Spiel gegen den VfB erinnert, denn kurz vor Schluss erzielten die G\u00e4ste den Anschlusstreffer. Wer allerdings erwartet hatte, dass in den letzten zwei Minuten die Zweckeler noch einmal unter Druck gerieten, sah sich get\u00e4uscht, denn die Gastgeber brachten das Spiel erfolgreich \u00fcber die B\u00fchne. <\/p>\n\n\n\n<p>In den ersten Minuten zeichnete sich schon ab, dass den Zuschauern kein technisch anspruchsvolles Fu\u00dfballspiel geboten werden wird. Daf\u00fcr ging es im Spiel der beiden Tabellennachbarn um zu viel. Der Sieger h\u00e4tte sich ein bisschen absetzen k\u00f6nnen, w\u00e4hrend sich der Verlierer wahrscheinlich auf einem Abstiegsplatz befinden w\u00fcrde. <\/p>\n\n\n\n<p>Kampf um jeden Meter war Trumpf und trotzdem zeigten die Gastgeber das gef\u00e4lligere Spiel. Immer wieder versuchten es die Zweckeler, die G\u00e4ste fr\u00fchzeitig unter Druck zu setzen und sie im Spielaufbau zu Fehlern zu zwingen. Trainer G\u00fcnter Appelt lie\u00df auch gegen den VfB eine Dreierkette spielen, in welcher der A-Junior Malte Kulmer auf der linken, Moritz Heidenreich in der Mitte und Jonas Gerfen auf der rechten Seite agierten. <br>Da sich unter der Woche Armand Penka Lala Kuesso krank gemeldet hatte und ebenfalls nicht zur Verf\u00fcgung stand, stellet sich die Mannschaft fast von selbst auf. Der Zweckeler Trainer setzte daf\u00fcr Milad Sahebzada und Jan Schwers in der Offensive ein. <\/p>\n\n\n\n<p>Das zeigte erstmals nach einer guten halben Stunde Wirkung. Jan Schwers nahm von der rechten Seite Ma\u00df und schoss beherzt in die untere linke Ecke zur vielumjubelten F\u00fchrung ein. Die G\u00e4ste taten sich in der Folge weiterhin schwer die Zweckeler unter Druck zu setzen und Chancen zu kreieren. Das lag u. a. auch an den beiden lauffreudigen und k\u00e4mpferisch gut Sechsern, Julius Wloch und Tarek el Meshai. Davor agierten Chef-Stratege Serkan K\u00f6se mit Sebastan Waldner und Pascalis Terzis. <\/p>\n\n\n\n<p>Den G\u00e4sten fiel im gesamten Spiel nicht wirklich etwas ein, wie denn die G\u00e4steabwehr zu \u00fcberwinden sei. In der 5. Minute gab es den einzigen echten Torschuss des VfB und in der Nachspielzeit waren sie dann mit einem Kopfball aus dem F\u00fcnfmeterraum erfolgreich. Mehr brachten die G\u00e4ste am heutigen Sonntag nicht zustande. <\/p>\n\n\n\n<p>Die Zweckeler spielten in der zweiten Halbzeit immer wieder munter nach vorne und verpassten durch Jan Schwers und seine Mitspieler das Spiel fr\u00fchzeitig zu entscheiden. Pascalis Terzis, der sich immer wieder mit mutigen Laufwegen auf das Kirchhellener Tor zubewegte, wollte den mitgelaufenen Milad Sahebzada mit einem Querpass bedienen, sein Pass wurde jedoch von einem VfB-Abwehrspieler ins eigene Tor verwandelt.<\/p>\n\n\n\n<p>Diese F\u00fchrung gab den souver\u00e4nen Platzherren die notwendige Sicherheit das Spiel auch am Ende erfolgreich zu gestalten. Bei Kirchhellen war kein Aufb\u00e4umen erkennbar und die Platzherren vers\u00e4umten es leider wieder einmal, das Ergebnis klarer zu gestalten. Beste Chancen wurden nicht genutzt und so mussten die Zweckeler Anh\u00e4nger unter den knapp 200 Zuschauern wieder bis zum Ende warten, um dann doch zu jubeln. <\/p>\n\n\n\n<p>Nach dem Ende der Partie wurde bekannt, dass der VfB Kirchhellen und das heutige Trainergespann Marco Hoffmann und Sascha Wisniowski am Ende der Saison getrennte Wege gehen. <\/p>\n\n\n\n<p><\/p>\n\n\n\n<p><\/p>\n\n\n\n<p><\/p>\n","protected":false},"excerpt":{"rendered":"<p>SV Zweckel &#8211; VfB Kirchhellen 2:1 (1:0) Am Ende stand ein knapper aber mehr als verdienter Sieg gegen den Nachbarn aus Kirchhellen. Mancher Zuschauer sah sich schon an das letzte Spiel gegen den VfB erinnert, denn kurz vor Schluss erzielten die G\u00e4ste den Anschlusstreffer. Wer allerdings erwartet hatte, dass in den letzten zwei Minuten die [&hellip;]<\/p>\n","protected":false},"author":3,"featured_media":15579,"comment_status":"open","ping_status":"closed","sticky":false,"template":"","format":"standard","meta":{"_jetpack_memberships_contains_paid_content":false,"footnotes":"","jetpack_publicize_message":"","jetpack_publicize_feature_enabled":true,"jetpack_social_post_already_shared":false,"jetpack_social_options":{"image_generator_settings":{"template":"highway","default_image_id":0,"font":"","enabled":false},"version":2}},"categories":[2],"tags":[],"class_list":["post-15581","post","type-post","status-publish","format-standard","has-post-thumbnail","hentry","category-1-mannschaft"],"jetpack_publicize_connections":[],"jetpack_featured_media_url":"https:\/\/i0.wp.com\/www.svzweckel.de\/wp-content\/uploads\/2023\/04\/wp-16804518582949110417710030027165-scaled.jpg?fit=2560%2C1440&ssl=1","jetpack_sharing_enabled":true,"_links":{"self":[{"href":"https:\/\/www.svzweckel.de\/index.php?rest_route=\/wp\/v2\/posts\/15581","targetHints":{"allow":["GET"]}}],"collection":[{"href":"https:\/\/www.svzweckel.de\/index.php?rest_route=\/wp\/v2\/posts"}],"about":[{"href":"https:\/\/www.svzweckel.de\/index.php?rest_route=\/wp\/v2\/types\/post"}],"author":[{"embeddable":true,"href":"https:\/\/www.svzweckel.de\/index.php?rest_route=\/wp\/v2\/users\/3"}],"replies":[{"embeddable":true,"href":"https:\/\/www.svzweckel.de\/index.php?rest_route=%2Fwp%2Fv2%2Fcomments&post=15581"}],"version-history":[{"count":0,"href":"https:\/\/www.svzweckel.de\/index.php?rest_route=\/wp\/v2\/posts\/15581\/revisions"}],"wp:featuredmedia":[{"embeddable":true,"href":"https:\/\/www.svzweckel.de\/index.php?rest_route=\/wp\/v2\/media\/15579"}],"wp:attachment":[{"href":"https:\/\/www.svzweckel.de\/index.php?rest_route=%2Fwp%2Fv2%2Fmedia&parent=15581"}],"wp:term":[{"taxonomy":"category","embeddable":true,"href":"https:\/\/www.svzweckel.de\/index.php?rest_route=%2Fwp%2Fv2%2Fcategories&post=15581"},{"taxonomy":"post_tag","embeddable":true,"href":"https:\/\/www.svzweckel.de\/index.php?rest_route=%2Fwp%2Fv2%2Ftags&post=15581"}],"curies":[{"name":"wp","href":"https:\/\/api.w.org\/{rel}","templated":true}]}}