{"id":15585,"date":"2023-04-02T20:18:49","date_gmt":"2023-04-02T18:18:49","guid":{"rendered":"https:\/\/www.svzweckel.de\/?p=15585"},"modified":"2023-04-02T20:23:01","modified_gmt":"2023-04-02T18:23:01","slug":"derby-bei-fsm-am-dienstag","status":"publish","type":"post","link":"https:\/\/www.svzweckel.de\/?p=15585","title":{"rendered":"Derby bei FSM am Dienstag"},"content":{"rendered":"\n<p>Dienstag, 04.04.23, 19:30 Uhr: FSM Gladbeck &#8211; SV Zweckel<\/p>\n\n\n\n<p>Bereits in zwei Tagen geht es f\u00fcr den SV Zweckel im Stadtderby bei FSM weiter, da die Schwarz-Gr\u00fcnen einer Spielverlegung auf den Dienstag zugestimmt hatten. <\/p>\n\n\n\n<p>Die Zweckeler gehen trotz gro\u00dfer Personalsorgen mit breiter Brust in das Spiel, denn mit neun Punkten aus den letzten drei Spielen haben sie die optimale Punktausbeute erzielt. <\/p>\n\n\n\n<p>F\u00fcr FSM wird es nach der Niederlage am heutigen Sonntag bei Genclikspor in Recklinghausen nun ziemlich eng und eine weitere Niederlage d\u00fcrfte den Abstand zum rettenden Ufer immer gr\u00f6\u00dfer werden lassen. Aus diesem Grund ist FSM praktisch zum Siegen verdammt. Nach der Winterpause hat das Team aus dem Gladbecker S\u00fcden immerhin 12 Punkte geholt und m\u00f6chte an diese Erfolgsserie ankn\u00fcpfen.<\/p>\n\n\n\n<p>Auf dem Ascheplatz am Busfortshof wir es mit an Sicherheit grenzender Wahrscheinlichkeit ein intensives Kampfspiel geben. Die Zweckeler m\u00fcssen wie in den vergangenen Spielen den Kampf annehmen und um jeden roten Aschezentimeter k\u00e4mpfen, um sich selbst eine gute Ausgangsposition zu verschaffen. <\/p>\n\n\n\n<p>Mit einem Sieg k\u00f6nnten sich die Zweckeler noch weiter von den Abstiegsr\u00e4ngen entfernen, denn f\u00fcr Kirchhellen gegen den Aufstiegsfavoriten FC Marl und Genclikspor Recklinghausen beim VfB H\u00fcls h\u00e4ngen die Trauben vermutlich sehr hoch. <\/p>\n","protected":false},"excerpt":{"rendered":"<p>Dienstag, 04.04.23, 19:30 Uhr: FSM Gladbeck &#8211; SV Zweckel Bereits in zwei Tagen geht es f\u00fcr den SV Zweckel im Stadtderby bei FSM weiter, da die Schwarz-Gr\u00fcnen einer Spielverlegung auf den Dienstag zugestimmt hatten. Die Zweckeler gehen trotz gro\u00dfer Personalsorgen mit breiter Brust in das Spiel, denn mit neun Punkten aus den letzten drei Spielen [&hellip;]<\/p>\n","protected":false},"author":3,"featured_media":15580,"comment_status":"open","ping_status":"closed","sticky":false,"template":"","format":"standard","meta":{"_jetpack_memberships_contains_paid_content":false,"footnotes":"","jetpack_publicize_message":"","jetpack_publicize_feature_enabled":true,"jetpack_social_post_already_shared":false,"jetpack_social_options":{"image_generator_settings":{"template":"highway","default_image_id":0,"font":"","enabled":false},"version":2}},"categories":[2],"tags":[],"class_list":["post-15585","post","type-post","status-publish","format-standard","has-post-thumbnail","hentry","category-1-mannschaft"],"jetpack_publicize_connections":[],"jetpack_featured_media_url":"https:\/\/i0.wp.com\/www.svzweckel.de\/wp-content\/uploads\/2023\/04\/wp-1680451880811995913932043362996-scaled.jpg?fit=2560%2C1440&ssl=1","jetpack_sharing_enabled":true,"_links":{"self":[{"href":"https:\/\/www.svzweckel.de\/index.php?rest_route=\/wp\/v2\/posts\/15585","targetHints":{"allow":["GET"]}}],"collection":[{"href":"https:\/\/www.svzweckel.de\/index.php?rest_route=\/wp\/v2\/posts"}],"about":[{"href":"https:\/\/www.svzweckel.de\/index.php?rest_route=\/wp\/v2\/types\/post"}],"author":[{"embeddable":true,"href":"https:\/\/www.svzweckel.de\/index.php?rest_route=\/wp\/v2\/users\/3"}],"replies":[{"embeddable":true,"href":"https:\/\/www.svzweckel.de\/index.php?rest_route=%2Fwp%2Fv2%2Fcomments&post=15585"}],"version-history":[{"count":0,"href":"https:\/\/www.svzweckel.de\/index.php?rest_route=\/wp\/v2\/posts\/15585\/revisions"}],"wp:featuredmedia":[{"embeddable":true,"href":"https:\/\/www.svzweckel.de\/index.php?rest_route=\/wp\/v2\/media\/15580"}],"wp:attachment":[{"href":"https:\/\/www.svzweckel.de\/index.php?rest_route=%2Fwp%2Fv2%2Fmedia&parent=15585"}],"wp:term":[{"taxonomy":"category","embeddable":true,"href":"https:\/\/www.svzweckel.de\/index.php?rest_route=%2Fwp%2Fv2%2Fcategories&post=15585"},{"taxonomy":"post_tag","embeddable":true,"href":"https:\/\/www.svzweckel.de\/index.php?rest_route=%2Fwp%2Fv2%2Ftags&post=15585"}],"curies":[{"name":"wp","href":"https:\/\/api.w.org\/{rel}","templated":true}]}}