{"id":15592,"date":"2023-04-04T22:50:50","date_gmt":"2023-04-04T20:50:50","guid":{"rendered":"https:\/\/www.svzweckel.de\/?p=15592"},"modified":"2023-04-04T22:51:15","modified_gmt":"2023-04-04T20:51:15","slug":"vierter-sieg-in-folge-2","status":"publish","type":"post","link":"https:\/\/www.svzweckel.de\/?p=15592","title":{"rendered":"Vierter Sieg in Folge"},"content":{"rendered":"\n<p>FSM Gladbeck &#8211; SV Zweckel 2:7 (1:4)<\/p>\n\n\n\n<p>Das mit Spannung erwartete Derby im Gladbecker S\u00fcden hielt nur in den ersten Minuten was es versprach: Spannung, Einsatz und viel Kampf.<\/p>\n\n\n\n<p>Der gr\u00f6\u00dfere Druck lastete offensichtlich auf FSM Gladbeck, denn deren Trainer Engin Canikli sprach schon vor dem Spiel von der letzten Chance f\u00fcr den Aufsteiger. Mit 22 Punkten lag die Mannschaft vor dem Match 8 Punkte von einem Nichtabstiegsplatz entfernt. <\/p>\n\n\n\n<p>Der Gast ging in der ersten Minute nach einen millimetergenauen Schuss an den rechten Innenpfosten durch Serkan K\u00f6se mit 0:1 in F\u00fchrung. FSM reagierte giftig, griff in den ersten Minuten mutig an und attackierte die Zweckeler fr\u00fch in deren H\u00e4lfte. Trainer Appelt reagierte darauf und beorderte Julius Wloch direkt vor die Dreierkette. Die Zweckeler bekamen das Spiel in den Griff und starteten einige vielversprechende Angriffe nach vorne. Jan Schwers erzielte in der 26. Minute mit einem tollen Lupfer \u00fcber Torh\u00fcter Dario Schierenberg das 0:2. Nur sechs Minuten sp\u00e4ter pfiff Schiedsrichter Yannis Jira \u00fcberraschend einen Elfmeter, weil Marcel Heidenreich angeblich gefoult haben soll. Den folgenden Elfmeter verwandelte Fatmir Ferati sicher zum Anschlusstreffer.  <\/p>\n\n\n\n<p>Im direkten Gegenzug erlief sich der gut aufgelegte Milad Sahebzada einen langen Pass von Serkan K\u00f6se und stellte mit seinem Tor wieder den alten Abstand her. Nur eine Minute vor dem Halbzeitpfiff erh\u00f6hte Jan Schwers mit einem Flachschuss ins linke Toreck auf 1:4. <\/p>\n\n\n\n<p>Nach der Pause erh\u00f6hten die G\u00e4ste, abermals durch Milad Sahebzada, auf 1:5 und damit war das Spiel entschieden. Die Gastgeber gingen danach noch einmal engagiert zu Werke, dezimierten sich jedoch mit einer roten Karte und kassierten f\u00fcr Meckern auch noch gelbe Karten hinterher. <\/p>\n\n\n\n<p>Die Zweckeler spielten die \u00dcberzahl jetzt gut aus und erh\u00f6hten abermals durch Milad Sahebzadas in der 75. Minute auf 1:6.<\/p>\n\n\n\n<p>Kutsal T\u00fcrkel traf in der 80. Minute zum 2:6, allerdings wurde nur zwei Minuten sp\u00e4ter ein weiterer Akteur der Gastgeber nach einem Foulspiel vom Platz gestellt. <\/p>\n\n\n\n<p>Den Schlusspunkt setzte Sebastian Waldner in der 90. Minute und erzielte das 2:7. Damit belohnten die Zweckeler ihre engagierte Spielweise und entfernten sich mit drei weiteren Punkten weiter von der Abstiegszone. <\/p>\n\n\n\n<p>Nach vier Siegen in Folge haben die Zweckeler nun 36 Punkte auf dem Konto und ben\u00f6tigen jetzt noch mindestens sechs Punkte, um dem Abstiegsgespenst zu entgehen. <\/p>\n\n\n\n<p>Am Ostermontag empfangen die Zweckeler den VfB H\u00fcls und wollen ihre Serie nat\u00fcrlich noch weiter ausbauen. <\/p>\n","protected":false},"excerpt":{"rendered":"<p>FSM Gladbeck &#8211; SV Zweckel 2:7 (1:4) Das mit Spannung erwartete Derby im Gladbecker S\u00fcden hielt nur in den ersten Minuten was es versprach: Spannung, Einsatz und viel Kampf. Der gr\u00f6\u00dfere Druck lastete offensichtlich auf FSM Gladbeck, denn deren Trainer Engin Canikli sprach schon vor dem Spiel von der letzten Chance f\u00fcr den Aufsteiger. Mit [&hellip;]<\/p>\n","protected":false},"author":3,"featured_media":15590,"comment_status":"open","ping_status":"closed","sticky":false,"template":"","format":"standard","meta":{"_jetpack_memberships_contains_paid_content":false,"footnotes":"","jetpack_publicize_message":"","jetpack_publicize_feature_enabled":true,"jetpack_social_post_already_shared":false,"jetpack_social_options":{"image_generator_settings":{"template":"highway","default_image_id":0,"font":"","enabled":false},"version":2}},"categories":[2],"tags":[],"class_list":["post-15592","post","type-post","status-publish","format-standard","has-post-thumbnail","hentry","category-1-mannschaft"],"jetpack_publicize_connections":[],"jetpack_featured_media_url":"https:\/\/i0.wp.com\/www.svzweckel.de\/wp-content\/uploads\/2023\/04\/wp-16806382725753598291611126908784-scaled.jpg?fit=2560%2C1440&ssl=1","jetpack_sharing_enabled":true,"_links":{"self":[{"href":"https:\/\/www.svzweckel.de\/index.php?rest_route=\/wp\/v2\/posts\/15592","targetHints":{"allow":["GET"]}}],"collection":[{"href":"https:\/\/www.svzweckel.de\/index.php?rest_route=\/wp\/v2\/posts"}],"about":[{"href":"https:\/\/www.svzweckel.de\/index.php?rest_route=\/wp\/v2\/types\/post"}],"author":[{"embeddable":true,"href":"https:\/\/www.svzweckel.de\/index.php?rest_route=\/wp\/v2\/users\/3"}],"replies":[{"embeddable":true,"href":"https:\/\/www.svzweckel.de\/index.php?rest_route=%2Fwp%2Fv2%2Fcomments&post=15592"}],"version-history":[{"count":0,"href":"https:\/\/www.svzweckel.de\/index.php?rest_route=\/wp\/v2\/posts\/15592\/revisions"}],"wp:featuredmedia":[{"embeddable":true,"href":"https:\/\/www.svzweckel.de\/index.php?rest_route=\/wp\/v2\/media\/15590"}],"wp:attachment":[{"href":"https:\/\/www.svzweckel.de\/index.php?rest_route=%2Fwp%2Fv2%2Fmedia&parent=15592"}],"wp:term":[{"taxonomy":"category","embeddable":true,"href":"https:\/\/www.svzweckel.de\/index.php?rest_route=%2Fwp%2Fv2%2Fcategories&post=15592"},{"taxonomy":"post_tag","embeddable":true,"href":"https:\/\/www.svzweckel.de\/index.php?rest_route=%2Fwp%2Fv2%2Ftags&post=15592"}],"curies":[{"name":"wp","href":"https:\/\/api.w.org\/{rel}","templated":true}]}}