{"id":15595,"date":"2023-04-05T18:47:24","date_gmt":"2023-04-05T16:47:24","guid":{"rendered":"https:\/\/www.svzweckel.de\/?p=15595"},"modified":"2023-04-05T18:48:04","modified_gmt":"2023-04-05T16:48:04","slug":"ostermontag-gegen-huels","status":"publish","type":"post","link":"https:\/\/www.svzweckel.de\/?p=15595","title":{"rendered":"Ostermontag gegen H\u00fcls"},"content":{"rendered":"\n<p>10.04.23, 15:00 Uhr: SV Zweckel &#8211; VfB H\u00fcls<\/p>\n\n\n\n<p>Nach dem \u00fcberzeugenden Sieg bei FSM Gladbeck hat Trainer G\u00fcnter Appelt seinen Jungs bis zum Ostermontag frei gegeben. Er war voll des Lobes f\u00fcr die k\u00e4mpferisch engagierte Leistung seines Teams im Derby am Hartmannhof. FSM hat nun 8 Punkte R\u00fcckstand auf einen Nichtabstiegsplatz und d\u00fcrfte bei neun verbleibenden Spielen vermutlich schon f\u00fcr die Kreisliga planen. <\/p>\n\n\n\n<p>Mit nunmher vier Siegen in Folge haben sich die Zweckeler langsam aber sicher vom Tabellenkeller abgesetzt und rangieren nun 7 Punkte vor einem Abstiegsplatz, den im Moment noch der VfB Kirchhellen belegt. <\/p>\n\n\n\n<p>Der VfB muss sich am Gr\u00fcndonnerstag gegen den Aufstiegsfavoriten Marl beweisen und wird dort vermutlich nicht viel holen, so dass der Abstand zum rettenden Ufer nicht verk\u00fcrzt werden kann. <\/p>\n\n\n\n<p>Der SC Hassel weist einen Punkt mehr auf als der VfB Kirchhellen und tritt Gr\u00fcndonnerstag gegen den BV Rentfort an. <\/p>\n\n\n\n<p>Die Zweckeler gehen gegen den VfB H\u00fcls trotz anhaltender Personalmisere mit breiter Brust ins Spiel, denn in den letzten vier Spielen holten die Schwarz-Gr\u00fcnen die optimale Punkteausbeute. Gegen den VFB, der vermutlich mit dem langj\u00e4hrigen Rentforter Phillip Potratz antreten wird, haben die Zweckeler noch etwas gut zu machen. Im Hinspiel gab es eine unverdiente 1:0-Niederlage, wobei die Schwarz-Gr\u00fcnen in der 88. Minute den Ausgleichstreffer liegen lie\u00dfen, da ein Elfmeter nicht verwandelt wurde.<\/p>\n\n\n\n<p>H\u00fcls belegt mit 44 Punkten einen guten vierten Tabellenplatz, wobei sich die Torhverh\u00e4ltnisse zwischen den beiden Kontrahenten lediglich um 3 Treffer unterscheiden.<\/p>\n\n\n\n<p><\/p>\n","protected":false},"excerpt":{"rendered":"<p>10.04.23, 15:00 Uhr: SV Zweckel &#8211; VfB H\u00fcls Nach dem \u00fcberzeugenden Sieg bei FSM Gladbeck hat Trainer G\u00fcnter Appelt seinen Jungs bis zum Ostermontag frei gegeben. Er war voll des Lobes f\u00fcr die k\u00e4mpferisch engagierte Leistung seines Teams im Derby am Hartmannhof. FSM hat nun 8 Punkte R\u00fcckstand auf einen Nichtabstiegsplatz und d\u00fcrfte bei neun [&hellip;]<\/p>\n","protected":false},"author":3,"featured_media":15591,"comment_status":"open","ping_status":"closed","sticky":false,"template":"","format":"standard","meta":{"_jetpack_memberships_contains_paid_content":false,"footnotes":"","jetpack_publicize_message":"","jetpack_publicize_feature_enabled":true,"jetpack_social_post_already_shared":false,"jetpack_social_options":{"image_generator_settings":{"template":"highway","default_image_id":0,"font":"","enabled":false},"version":2}},"categories":[2],"tags":[],"class_list":["post-15595","post","type-post","status-publish","format-standard","has-post-thumbnail","hentry","category-1-mannschaft"],"jetpack_publicize_connections":[],"jetpack_featured_media_url":"https:\/\/i0.wp.com\/www.svzweckel.de\/wp-content\/uploads\/2023\/04\/wp-16806382981671206113871346336574-scaled.jpg?fit=2560%2C1440&ssl=1","jetpack_sharing_enabled":true,"_links":{"self":[{"href":"https:\/\/www.svzweckel.de\/index.php?rest_route=\/wp\/v2\/posts\/15595","targetHints":{"allow":["GET"]}}],"collection":[{"href":"https:\/\/www.svzweckel.de\/index.php?rest_route=\/wp\/v2\/posts"}],"about":[{"href":"https:\/\/www.svzweckel.de\/index.php?rest_route=\/wp\/v2\/types\/post"}],"author":[{"embeddable":true,"href":"https:\/\/www.svzweckel.de\/index.php?rest_route=\/wp\/v2\/users\/3"}],"replies":[{"embeddable":true,"href":"https:\/\/www.svzweckel.de\/index.php?rest_route=%2Fwp%2Fv2%2Fcomments&post=15595"}],"version-history":[{"count":0,"href":"https:\/\/www.svzweckel.de\/index.php?rest_route=\/wp\/v2\/posts\/15595\/revisions"}],"wp:featuredmedia":[{"embeddable":true,"href":"https:\/\/www.svzweckel.de\/index.php?rest_route=\/wp\/v2\/media\/15591"}],"wp:attachment":[{"href":"https:\/\/www.svzweckel.de\/index.php?rest_route=%2Fwp%2Fv2%2Fmedia&parent=15595"}],"wp:term":[{"taxonomy":"category","embeddable":true,"href":"https:\/\/www.svzweckel.de\/index.php?rest_route=%2Fwp%2Fv2%2Fcategories&post=15595"},{"taxonomy":"post_tag","embeddable":true,"href":"https:\/\/www.svzweckel.de\/index.php?rest_route=%2Fwp%2Fv2%2Ftags&post=15595"}],"curies":[{"name":"wp","href":"https:\/\/api.w.org\/{rel}","templated":true}]}}