{"id":15598,"date":"2023-04-10T18:37:48","date_gmt":"2023-04-10T16:37:48","guid":{"rendered":"https:\/\/www.svzweckel.de\/?p=15598"},"modified":"2023-04-10T18:38:52","modified_gmt":"2023-04-10T16:38:52","slug":"remis-gegen-den-vfb-huels","status":"publish","type":"post","link":"https:\/\/www.svzweckel.de\/?p=15598","title":{"rendered":"Remis gegen den VfB H\u00fcls"},"content":{"rendered":"\n<p>SV Zweckel &#8211; VfB H\u00fcls 2:2 (2:1)<\/p>\n\n\n\n<p>Nach zuletzt vier Siegen in Folge erspielten sich die Zweckeler ein Remis gegen den Tabellenf\u00fcnften der Bezirksliga. Die Gastgeber begannen druckvoll und \u00fcbernahmen sofort die Initiative. Bereits in der 4. Minute wurde Julius Wloch im H\u00fclser Sechzehner gefoult und den f\u00e4lligen Elfmeter verwandelte Serkan K\u00f6se sicher zur 1:0-F\u00fchrung.<\/p>\n\n\n\n<p>Die G\u00e4ste hielten in der Folgezeit zwar k\u00f6rperlich dagegen, lie\u00dfen aber eine spielerische Linie vermissen. Die Angriffe wurden meistens durch lange B\u00e4lle vorgetragen. Die Zweckeler spielten sich dagegen immer wieder gut nach vorne und erspielten sich die eine oder andere Torchance. Mitten in eine Drangphase der Platzherren fiel v\u00f6llig \u00fcberraschend das 1:1. Ein H\u00fclser Akteur traf mit einem Sonntagsschuss aus gut 25 Meteren unter die Latte in das Zweckeler Tor. <\/p>\n\n\n\n<p>Die Gastgeber sch\u00fcttelten sich kurz und gingen dann wieder in die Offensive. In der 33. Minute setzte Sebastian Waldner zu einem unwiderstehlichen Sololauf an, lie\u00df auch noch den H\u00fclser Keeper aussteigen und schob zur 2:1-F\u00fchrung ein. Mit diesem Ergebnis ging es in die Kabine.<\/p>\n\n\n\n<p>Nach dem Wechsel \u00fcbernahmen die G\u00e4ste das Spielgeschehen und dr\u00fcckten mit ihrer K\u00f6rperlichkeit die Zweckeler in die Defensive. Gro\u00dfe Torchancen konnten sie sich allerdings nicht erschlie\u00dfen. Moritz Heidenreich zielte bei einem Freisto\u00df in der 66. Minute zu genau, denn er traf leider nur die Latte. <\/p>\n\n\n\n<p>Nach einem Stellungsfehler in der 77. Minute traf &#8222;Podi&#8220; Potratz zum 2:2. Zwei Minute sp\u00e4ter musste der Marler Kapit\u00e4n nach wiederholtem Foulspiel mit einer gelb-roten Karte vom Platz und die Zweckeler \u00fcbernahmen folgerichtig wieder das Kommando auf dem Spielfeld. Bis zum Schlusspfiff gelang es den Hausherren aber nicht mehr, den gegnerischen Keeper zu \u00fcberwinden, so dass der SV Zweckel nach vier siegreichen Spielen erstmal wieder nicht als Sieger den Platz verlie\u00df. <\/p>\n","protected":false},"excerpt":{"rendered":"<p>SV Zweckel &#8211; VfB H\u00fcls 2:2 (2:1) Nach zuletzt vier Siegen in Folge erspielten sich die Zweckeler ein Remis gegen den Tabellenf\u00fcnften der Bezirksliga. Die Gastgeber begannen druckvoll und \u00fcbernahmen sofort die Initiative. Bereits in der 4. Minute wurde Julius Wloch im H\u00fclser Sechzehner gefoult und den f\u00e4lligen Elfmeter verwandelte Serkan K\u00f6se sicher zur 1:0-F\u00fchrung. [&hellip;]<\/p>\n","protected":false},"author":3,"featured_media":15599,"comment_status":"open","ping_status":"closed","sticky":false,"template":"","format":"standard","meta":{"_jetpack_memberships_contains_paid_content":false,"footnotes":"","jetpack_publicize_message":"","jetpack_publicize_feature_enabled":true,"jetpack_social_post_already_shared":false,"jetpack_social_options":{"image_generator_settings":{"template":"highway","default_image_id":0,"font":"","enabled":false},"version":2}},"categories":[2],"tags":[],"class_list":["post-15598","post","type-post","status-publish","format-standard","has-post-thumbnail","hentry","category-1-mannschaft"],"jetpack_publicize_connections":[],"jetpack_featured_media_url":"https:\/\/i0.wp.com\/www.svzweckel.de\/wp-content\/uploads\/2023\/04\/DSC00017.jpg?fit=800%2C533&ssl=1","jetpack_sharing_enabled":true,"_links":{"self":[{"href":"https:\/\/www.svzweckel.de\/index.php?rest_route=\/wp\/v2\/posts\/15598","targetHints":{"allow":["GET"]}}],"collection":[{"href":"https:\/\/www.svzweckel.de\/index.php?rest_route=\/wp\/v2\/posts"}],"about":[{"href":"https:\/\/www.svzweckel.de\/index.php?rest_route=\/wp\/v2\/types\/post"}],"author":[{"embeddable":true,"href":"https:\/\/www.svzweckel.de\/index.php?rest_route=\/wp\/v2\/users\/3"}],"replies":[{"embeddable":true,"href":"https:\/\/www.svzweckel.de\/index.php?rest_route=%2Fwp%2Fv2%2Fcomments&post=15598"}],"version-history":[{"count":0,"href":"https:\/\/www.svzweckel.de\/index.php?rest_route=\/wp\/v2\/posts\/15598\/revisions"}],"wp:featuredmedia":[{"embeddable":true,"href":"https:\/\/www.svzweckel.de\/index.php?rest_route=\/wp\/v2\/media\/15599"}],"wp:attachment":[{"href":"https:\/\/www.svzweckel.de\/index.php?rest_route=%2Fwp%2Fv2%2Fmedia&parent=15598"}],"wp:term":[{"taxonomy":"category","embeddable":true,"href":"https:\/\/www.svzweckel.de\/index.php?rest_route=%2Fwp%2Fv2%2Fcategories&post=15598"},{"taxonomy":"post_tag","embeddable":true,"href":"https:\/\/www.svzweckel.de\/index.php?rest_route=%2Fwp%2Fv2%2Ftags&post=15598"}],"curies":[{"name":"wp","href":"https:\/\/api.w.org\/{rel}","templated":true}]}}