{"id":15603,"date":"2023-04-10T18:57:02","date_gmt":"2023-04-10T16:57:02","guid":{"rendered":"https:\/\/www.svzweckel.de\/?p=15603"},"modified":"2023-04-10T18:57:25","modified_gmt":"2023-04-10T16:57:25","slug":"auswaertsspiel-beim-tabellendritten","status":"publish","type":"post","link":"https:\/\/www.svzweckel.de\/?p=15603","title":{"rendered":"Ausw\u00e4rtsspiel beim Tabellendritten"},"content":{"rendered":"\n<p>Sonntag, 16.04.23, 15:00 Uhr: SV Gelsenkirchen-Hessler &#8211; SV Zweckel<\/p>\n\n\n\n<p>Der SV Zweckel m\u00f6chte in Hessler seine Serie von 5 Spielen ohne Niederlage auch in Hessler fortsetzen. Das wird allerdings ein schweres Unterfangen, denn Hessler befindet sich nicht nur auf dem dritten Tabellenplatz der Bezirksliga, sondern verf\u00fcgen auch \u00fcber einen schussgewaltigen Sturm. Lukas Tomanek und Haris Imsirovic, die auch f\u00fcr die Hinspielniederlage des SV Zweckel verantwortlich zeichneten, haben jeweils 24 bzw. 20 Tore erzielt. <\/p>\n\n\n\n<p>Doch die junge Zweckeler Mannschaft hat in der laufenden Saison schon dazugelernt und wird sich in Hessler sicher nicht kampflos ergeben. M\u00f6glicherweise steht Trainer G\u00fcnter Appelt in der n\u00e4chsten Woche schon wieder Tristan Oben-Stintenberg in der Abwehr zur Verf\u00fcgung, denn aktuell ist die komplette Viererkette noch verletzt und steht somit nicht zur Verf\u00fcgung. Jonas Gerfen konnte gegen H\u00fcls schon wieder einige Minuten eingreifen. <\/p>\n\n\n\n<p>F\u00fcr einige Mannschaften stehen jetzt nur noch sieben Spiele auf dem Plan und der Abstiegskampf wird intensiver. Einige Ergebnisse der letzten Spieltage fielen demnach auch etwas \u00fcberraschend aus. <\/p>\n\n\n\n<p>Der SV Zweckel hat noch 8 Spiele zu bestreiten und sollte mindestens noch drei Siege einfahren und d\u00fcrfte dann mit 47 Punkten wohl nicht mehr in Abstiegsgefahr geraten. <\/p>\n","protected":false},"excerpt":{"rendered":"<p>Sonntag, 16.04.23, 15:00 Uhr: SV Gelsenkirchen-Hessler &#8211; SV Zweckel Der SV Zweckel m\u00f6chte in Hessler seine Serie von 5 Spielen ohne Niederlage auch in Hessler fortsetzen. Das wird allerdings ein schweres Unterfangen, denn Hessler befindet sich nicht nur auf dem dritten Tabellenplatz der Bezirksliga, sondern verf\u00fcgen auch \u00fcber einen schussgewaltigen Sturm. Lukas Tomanek und Haris [&hellip;]<\/p>\n","protected":false},"author":3,"featured_media":15604,"comment_status":"open","ping_status":"closed","sticky":false,"template":"","format":"standard","meta":{"_jetpack_memberships_contains_paid_content":false,"footnotes":"","jetpack_publicize_message":"","jetpack_publicize_feature_enabled":true,"jetpack_social_post_already_shared":false,"jetpack_social_options":{"image_generator_settings":{"template":"highway","default_image_id":0,"font":"","enabled":false},"version":2}},"categories":[2],"tags":[],"class_list":["post-15603","post","type-post","status-publish","format-standard","has-post-thumbnail","hentry","category-1-mannschaft"],"jetpack_publicize_connections":[],"jetpack_featured_media_url":"https:\/\/i0.wp.com\/www.svzweckel.de\/wp-content\/uploads\/2023\/04\/DSC00004.jpg?fit=800%2C533&ssl=1","jetpack_sharing_enabled":true,"_links":{"self":[{"href":"https:\/\/www.svzweckel.de\/index.php?rest_route=\/wp\/v2\/posts\/15603","targetHints":{"allow":["GET"]}}],"collection":[{"href":"https:\/\/www.svzweckel.de\/index.php?rest_route=\/wp\/v2\/posts"}],"about":[{"href":"https:\/\/www.svzweckel.de\/index.php?rest_route=\/wp\/v2\/types\/post"}],"author":[{"embeddable":true,"href":"https:\/\/www.svzweckel.de\/index.php?rest_route=\/wp\/v2\/users\/3"}],"replies":[{"embeddable":true,"href":"https:\/\/www.svzweckel.de\/index.php?rest_route=%2Fwp%2Fv2%2Fcomments&post=15603"}],"version-history":[{"count":0,"href":"https:\/\/www.svzweckel.de\/index.php?rest_route=\/wp\/v2\/posts\/15603\/revisions"}],"wp:featuredmedia":[{"embeddable":true,"href":"https:\/\/www.svzweckel.de\/index.php?rest_route=\/wp\/v2\/media\/15604"}],"wp:attachment":[{"href":"https:\/\/www.svzweckel.de\/index.php?rest_route=%2Fwp%2Fv2%2Fmedia&parent=15603"}],"wp:term":[{"taxonomy":"category","embeddable":true,"href":"https:\/\/www.svzweckel.de\/index.php?rest_route=%2Fwp%2Fv2%2Fcategories&post=15603"},{"taxonomy":"post_tag","embeddable":true,"href":"https:\/\/www.svzweckel.de\/index.php?rest_route=%2Fwp%2Fv2%2Ftags&post=15603"}],"curies":[{"name":"wp","href":"https:\/\/api.w.org\/{rel}","templated":true}]}}