{"id":15607,"date":"2023-04-17T07:33:56","date_gmt":"2023-04-17T05:33:56","guid":{"rendered":"https:\/\/www.svzweckel.de\/?p=15607"},"modified":"2023-04-17T07:56:18","modified_gmt":"2023-04-17T05:56:18","slug":"gnadenlose-effektivitaet-des-tabellendritten","status":"publish","type":"post","link":"https:\/\/www.svzweckel.de\/?p=15607","title":{"rendered":"Gnadenlose Effektivit\u00e4t des Tabellendritten"},"content":{"rendered":"\n<p>SV Gelsenkirchen-Hessler &#8211; SV Zweckel 5:2 (3:0)<\/p>\n\n\n\n<p>Nach f\u00fcnf ungeschlagenen  Spielen fingen sich die Zweckeler eine saftige Niederlage in Hessler ein. Das Ergebnis ist sehr deutlich, gibt jedoch nicht die Kr\u00e4fteverh\u00e4ltnisse auf dem Feld wieder.<\/p>\n\n\n\n<p>Die G\u00e4ste erspielten sich im Laufe des Spiels 17:6 Gro\u00dfchancen und erzielten daraus zwei Tore, die Gastgeber trafen dagegen f\u00fcnf Mal. Das sagt eigentlich schon alles \u00fcber das Spiel beim Tabellendritten aus, denn die G\u00e4ste zeigten an der Kanzlerstra\u00dfe die deutlich bessere Spielanlage.<\/p>\n\n\n\n<p>Leider gerieten sie jedoch durch drei individuelle Fehler in der ersten Halbzeit mit 3:0 in R\u00fcckstand. Der Ex-Zweckeler Haris Imsiriovic nutzte diese Fehler gnadenlos aus und traf dreimal in das Zweckeler Tor. Die G\u00e4ste hatten bis dahin allerdings auf der anderen Seite mehrfach die Chance, den Ausgleich zu erzielen, scheiterten jedoch immer wieder am gegnerischen Keeper oder dem eigenen Unverm\u00f6gen. Die Zweckeler probierten alles, es schien jedoch so, dass an diesem Sonntag das Tor vernagelt sei.<\/p>\n\n\n\n<p>In der zweiten Halbzeit h\u00e4tten die G\u00e4ste in den ersten 10 bis 15 Minuten schon die drei Tore aufholen k\u00f6nnen, brachten den Ball aber auch aus wenigen Metern nicht \u00fcber die Linie. Auf der anderen Seite erzielte Hessler mit dem ersten Angriff in der zweiten Halbzeit in der 68. Minute das 4:0. Die Schwarz-Gr\u00fcnen gaben sich jedoch nicht auf und verk\u00fcrzten durch Sebastian Waldner, der den Ball von der Grundlinie unter die Latte nagelte den Anschlusstreffer. Auf der anderen Seite erlaubten sich die G\u00e4ste aber wieder einen Aussetzer und der alte Abstand war wieder hergestellt.<\/p>\n\n\n\n<p>Nach einer sch\u00f6nen Kombination erzielte Pascalis Terzis, der wie viele seiner Mannschaftskollegen im gesamten Spiel mehrfach in aussichtsreicher Position gescheitert war, den 5:2-Endstand. <\/p>\n\n\n\n<p>Die vielen mitgereisten Zweckeler Zuschauer waren sich einig, dass das Ergebnis nicht nur zu hoch ausgefallen ist, sondern dass eine gut aufgelegte Zweckeler Mannschaft weit unter Wert geschlagen wurde. Allerdings bewahrheitet sich auch hier eine alte Binsenweisheit, dass Fu\u00dfball nun einmal durch Tore entschieden wird und nicht durch einen guten Spielaufbau, sch\u00f6ne Kombinationen und tolle Torchancen. <\/p>\n\n\n\n<p><\/p>\n","protected":false},"excerpt":{"rendered":"<p>SV Gelsenkirchen-Hessler &#8211; SV Zweckel 5:2 (3:0) Nach f\u00fcnf ungeschlagenen Spielen fingen sich die Zweckeler eine saftige Niederlage in Hessler ein. Das Ergebnis ist sehr deutlich, gibt jedoch nicht die Kr\u00e4fteverh\u00e4ltnisse auf dem Feld wieder. Die G\u00e4ste erspielten sich im Laufe des Spiels 17:6 Gro\u00dfchancen und erzielten daraus zwei Tore, die Gastgeber trafen dagegen f\u00fcnf [&hellip;]<\/p>\n","protected":false},"author":3,"featured_media":15618,"comment_status":"open","ping_status":"closed","sticky":false,"template":"","format":"standard","meta":{"_jetpack_memberships_contains_paid_content":false,"footnotes":"","jetpack_publicize_message":"","jetpack_publicize_feature_enabled":true,"jetpack_social_post_already_shared":false,"jetpack_social_options":{"image_generator_settings":{"template":"highway","default_image_id":0,"font":"","enabled":false},"version":2}},"categories":[2],"tags":[],"class_list":["post-15607","post","type-post","status-publish","format-standard","has-post-thumbnail","hentry","category-1-mannschaft"],"jetpack_publicize_connections":[],"jetpack_featured_media_url":"https:\/\/i0.wp.com\/www.svzweckel.de\/wp-content\/uploads\/2023\/04\/DSC_1583-scaled.jpg?fit=2560%2C1440&ssl=1","jetpack_sharing_enabled":true,"_links":{"self":[{"href":"https:\/\/www.svzweckel.de\/index.php?rest_route=\/wp\/v2\/posts\/15607","targetHints":{"allow":["GET"]}}],"collection":[{"href":"https:\/\/www.svzweckel.de\/index.php?rest_route=\/wp\/v2\/posts"}],"about":[{"href":"https:\/\/www.svzweckel.de\/index.php?rest_route=\/wp\/v2\/types\/post"}],"author":[{"embeddable":true,"href":"https:\/\/www.svzweckel.de\/index.php?rest_route=\/wp\/v2\/users\/3"}],"replies":[{"embeddable":true,"href":"https:\/\/www.svzweckel.de\/index.php?rest_route=%2Fwp%2Fv2%2Fcomments&post=15607"}],"version-history":[{"count":0,"href":"https:\/\/www.svzweckel.de\/index.php?rest_route=\/wp\/v2\/posts\/15607\/revisions"}],"wp:featuredmedia":[{"embeddable":true,"href":"https:\/\/www.svzweckel.de\/index.php?rest_route=\/wp\/v2\/media\/15618"}],"wp:attachment":[{"href":"https:\/\/www.svzweckel.de\/index.php?rest_route=%2Fwp%2Fv2%2Fmedia&parent=15607"}],"wp:term":[{"taxonomy":"category","embeddable":true,"href":"https:\/\/www.svzweckel.de\/index.php?rest_route=%2Fwp%2Fv2%2Fcategories&post=15607"},{"taxonomy":"post_tag","embeddable":true,"href":"https:\/\/www.svzweckel.de\/index.php?rest_route=%2Fwp%2Fv2%2Ftags&post=15607"}],"curies":[{"name":"wp","href":"https:\/\/api.w.org\/{rel}","templated":true}]}}