{"id":15625,"date":"2023-04-17T10:25:19","date_gmt":"2023-04-17T08:25:19","guid":{"rendered":"https:\/\/www.svzweckel.de\/?p=15625"},"modified":"2023-04-17T10:25:21","modified_gmt":"2023-04-17T08:25:21","slug":"naechsten-sieg-anpeilen","status":"publish","type":"post","link":"https:\/\/www.svzweckel.de\/?p=15625","title":{"rendered":"N\u00e4chsten Sieg anpeilen"},"content":{"rendered":"\n<p>Sonntag, 23.04.23, 15:00 Uhr: SV Zweckel &#8211; Erler SV 08<\/p>\n\n\n\n<p>Nach der zwar deutlichen aber durchaus vermeidbaren Niederlage in Hessler wird deren Trainer in der WAZ Gelsenkirchen folgenderma\u00dfen zitiert:<\/p>\n\n\n\n<p><strong>\u201eDie Gr\u00fcnde f\u00fcr dieses 5:2 waren unsere hohe Effektivit\u00e4t und ein \u00fcberragender Torwart Felix Wittka\u201c, meinte Siska, \u201eder Sieg ist zu hoch ausgefallen, er war vielleicht sogar unverdient. Die drei Punkte behalten wir aber trotzdem gerne.\u201c<\/strong><\/p>\n\n\n\n<p>An die Spielweise in Hessler sollten die Zweckeler ankn\u00fcpfen, jedoch w\u00e4re es sch\u00f6n, wenn nur ein bisschen mehr Effektivit\u00e4t an den Tag gelegt werden k\u00f6nnte. Das w\u00fcrde vermutlich reichen, um einen Sieg gegen den Tabellensiebten Erler SV einzufahren. Die Erler haben gerade einmal f\u00fcnf Punkte mehr auf der Habenseite als der SV Zweckel und bewiesen am letzten Sonntag Moral, als ein 0:2-R\u00fcckstand gegen Genclikspor Recklinghausen in der Schlussminute noch mit einem 2:2 endete. <\/p>\n\n\n\n<p>Das Lazarett der Schwarz-Gr\u00fcnen lichtet sich langsam, denn mit Tristan Oben-Stintenberg kam in Hessler wieder ein Akteur zum Kurzeinsatz, der in den letzten Wochen einen Muskelfaserriss auskurieren musste. Die R\u00fcckkehr des verletzten Kapit\u00e4ns Sebastian Hagemeister und von Marlon Boris wird noch einige Wochen auf sich warten lassen. <\/p>\n\n\n\n<p><\/p>\n","protected":false},"excerpt":{"rendered":"<p>Sonntag, 23.04.23, 15:00 Uhr: SV Zweckel &#8211; Erler SV 08 Nach der zwar deutlichen aber durchaus vermeidbaren Niederlage in Hessler wird deren Trainer in der WAZ Gelsenkirchen folgenderma\u00dfen zitiert: \u201eDie Gr\u00fcnde f\u00fcr dieses 5:2 waren unsere hohe Effektivit\u00e4t und ein \u00fcberragender Torwart Felix Wittka\u201c, meinte Siska, \u201eder Sieg ist zu hoch ausgefallen, er war vielleicht [&hellip;]<\/p>\n","protected":false},"author":3,"featured_media":15627,"comment_status":"open","ping_status":"closed","sticky":false,"template":"","format":"standard","meta":{"_jetpack_memberships_contains_paid_content":false,"footnotes":"","jetpack_publicize_message":"","jetpack_publicize_feature_enabled":true,"jetpack_social_post_already_shared":false,"jetpack_social_options":{"image_generator_settings":{"template":"highway","default_image_id":0,"font":"","enabled":false},"version":2}},"categories":[2],"tags":[],"class_list":["post-15625","post","type-post","status-publish","format-standard","has-post-thumbnail","hentry","category-1-mannschaft"],"jetpack_publicize_connections":[],"jetpack_featured_media_url":"https:\/\/i0.wp.com\/www.svzweckel.de\/wp-content\/uploads\/2023\/04\/wp-16817196407285027713389823526432-scaled.jpg?fit=2560%2C1440&ssl=1","jetpack_sharing_enabled":true,"_links":{"self":[{"href":"https:\/\/www.svzweckel.de\/index.php?rest_route=\/wp\/v2\/posts\/15625","targetHints":{"allow":["GET"]}}],"collection":[{"href":"https:\/\/www.svzweckel.de\/index.php?rest_route=\/wp\/v2\/posts"}],"about":[{"href":"https:\/\/www.svzweckel.de\/index.php?rest_route=\/wp\/v2\/types\/post"}],"author":[{"embeddable":true,"href":"https:\/\/www.svzweckel.de\/index.php?rest_route=\/wp\/v2\/users\/3"}],"replies":[{"embeddable":true,"href":"https:\/\/www.svzweckel.de\/index.php?rest_route=%2Fwp%2Fv2%2Fcomments&post=15625"}],"version-history":[{"count":0,"href":"https:\/\/www.svzweckel.de\/index.php?rest_route=\/wp\/v2\/posts\/15625\/revisions"}],"wp:featuredmedia":[{"embeddable":true,"href":"https:\/\/www.svzweckel.de\/index.php?rest_route=\/wp\/v2\/media\/15627"}],"wp:attachment":[{"href":"https:\/\/www.svzweckel.de\/index.php?rest_route=%2Fwp%2Fv2%2Fmedia&parent=15625"}],"wp:term":[{"taxonomy":"category","embeddable":true,"href":"https:\/\/www.svzweckel.de\/index.php?rest_route=%2Fwp%2Fv2%2Fcategories&post=15625"},{"taxonomy":"post_tag","embeddable":true,"href":"https:\/\/www.svzweckel.de\/index.php?rest_route=%2Fwp%2Fv2%2Ftags&post=15625"}],"curies":[{"name":"wp","href":"https:\/\/api.w.org\/{rel}","templated":true}]}}