{"id":15652,"date":"2023-04-23T18:44:16","date_gmt":"2023-04-23T16:44:16","guid":{"rendered":"https:\/\/www.svzweckel.de\/?p=15652"},"modified":"2023-04-23T18:44:17","modified_gmt":"2023-04-23T16:44:17","slug":"niederlage-durch-eigene-fehler","status":"publish","type":"post","link":"https:\/\/www.svzweckel.de\/?p=15652","title":{"rendered":"Niederlage durch eigene Fehler"},"content":{"rendered":"\n<p>SV Zweckel &#8211; Erler SV 0:3 (0:0)<\/p>\n\n\n\n<p>Der SV Zweckel muss langsam mal wieder in die Spur kommen! Gegen Erle waren die Zweckeler zumindest in der ersten Halbzeit am Dr\u00fccker und setzten die G\u00e4ste stark unter Druck. Allerdings konnten die Schwarz-Gr\u00fcnen, die im Angriff auf den kranken Jan Schwers verzichten mussten, wieder einmal beste Einschussm\u00f6glichkeiten nicht nutzen.<\/p>\n\n\n\n<p>Armand Lalo Penka Kouesso lief alleine auf den Erler Torwart zu, konnte diesen jedoch nicht \u00fcberwinden. Das gelang ihm auch in anderen Szenen trotz aussichtsreicher Positionen ebenso wenig wie Serkan K\u00f6se, der auch scheiterte.<\/p>\n\n\n\n<p>Torwart Leon Hawlitzky konnte sich zweimal auszeichnen und bewahrte seine Mannschaft zur Pause vor einem R\u00fcckstand.<\/p>\n\n\n\n<p>Schon in der gesamten ersten Halbzeit pr\u00e4sentierte sich der Schiedsrichter Alexander Miklar schon in unterirdischer Form. Er hatte keine klare Linie, \u00fcbersah diverse Nickligkeiten auf beiden Seiten und sorgte mit seinen seltsamen Entscheidungen daf\u00fcr, dass das Spiel fast aus den Fugen geriet.<\/p>\n\n\n\n<p>Das sollte sich allerdings noch steigern, denn in der zweiten Halbzeit passte er sich dem Niveau des Zweckeler Spiels an, denn nach dem R\u00fcckstand in der 60. Minute brachten die Zweckeler nicht mehr viel Konstruktives zusammen <\/p>\n\n\n\n<p>Die Heimmannschaft vert\u00e4ndelte den Ball in der letzten Linie und es hie\u00df 0:1. Durch zwei Fehlentscheidungen des Unparteiischen gerieten die Zweckeler mit 0:2 und 0:3 in R\u00fcckstand und die Messe war gelesen. <\/p>\n\n\n\n<p>Beim zweiten Tor der Erler wurde der Ball aus einer Abseitssituation versenkt, von der selbst die G\u00e4ste zugaben, dass das Tor nicht regul\u00e4r gewesen sei. <\/p>\n\n\n\n<p>Beim dritten Gegentreffer wurde Tarek el Meshai bei einem Kopfballduell derart hart von hinten angegangen, dass er nach vorne fiel und den Ball mit der Hand ber\u00fchrte. Den f\u00e4lligen Freisto\u00df pfiff Alexander Miklar jedoch nicht f\u00fcr die Zweckeler, sondern entschied auf Handspiel. Der folgende Freisto\u00df f\u00fchrte zum 0:3. <\/p>\n\n\n\n<p>Das waren leider nicht die einzigen Fehlentscheidungen eines v\u00f6llig \u00fcberforderten Spielleiters, der in der ersten Halbzeit beide Mannschaften und in der zweiten Halbzeit vorwiegend die Zweckeler benachteiligte. <\/p>\n\n\n\n<p>Das soll jedoch nicht dar\u00fcber hinwegt\u00e4uschen, dass die Zweckeler in der zweiten Halbzeit keine L\u00f6sungen fanden, die kompromisslosen Erler in Verlegenheit zu bringen. <\/p>\n","protected":false},"excerpt":{"rendered":"<p>SV Zweckel &#8211; Erler SV 0:3 (0:0) Der SV Zweckel muss langsam mal wieder in die Spur kommen! Gegen Erle waren die Zweckeler zumindest in der ersten Halbzeit am Dr\u00fccker und setzten die G\u00e4ste stark unter Druck. Allerdings konnten die Schwarz-Gr\u00fcnen, die im Angriff auf den kranken Jan Schwers verzichten mussten, wieder einmal beste Einschussm\u00f6glichkeiten [&hellip;]<\/p>\n","protected":false},"author":3,"featured_media":15648,"comment_status":"open","ping_status":"closed","sticky":false,"template":"","format":"standard","meta":{"_jetpack_memberships_contains_paid_content":false,"footnotes":"","jetpack_publicize_message":"","jetpack_publicize_feature_enabled":true,"jetpack_social_post_already_shared":false,"jetpack_social_options":{"image_generator_settings":{"template":"highway","default_image_id":0,"font":"","enabled":false},"version":2}},"categories":[2],"tags":[],"class_list":["post-15652","post","type-post","status-publish","format-standard","has-post-thumbnail","hentry","category-1-mannschaft"],"jetpack_publicize_connections":[],"jetpack_featured_media_url":"https:\/\/i0.wp.com\/www.svzweckel.de\/wp-content\/uploads\/2023\/04\/wp-16822647251923266593468497424349-scaled.jpg?fit=2560%2C1440&ssl=1","jetpack_sharing_enabled":true,"_links":{"self":[{"href":"https:\/\/www.svzweckel.de\/index.php?rest_route=\/wp\/v2\/posts\/15652","targetHints":{"allow":["GET"]}}],"collection":[{"href":"https:\/\/www.svzweckel.de\/index.php?rest_route=\/wp\/v2\/posts"}],"about":[{"href":"https:\/\/www.svzweckel.de\/index.php?rest_route=\/wp\/v2\/types\/post"}],"author":[{"embeddable":true,"href":"https:\/\/www.svzweckel.de\/index.php?rest_route=\/wp\/v2\/users\/3"}],"replies":[{"embeddable":true,"href":"https:\/\/www.svzweckel.de\/index.php?rest_route=%2Fwp%2Fv2%2Fcomments&post=15652"}],"version-history":[{"count":0,"href":"https:\/\/www.svzweckel.de\/index.php?rest_route=\/wp\/v2\/posts\/15652\/revisions"}],"wp:featuredmedia":[{"embeddable":true,"href":"https:\/\/www.svzweckel.de\/index.php?rest_route=\/wp\/v2\/media\/15648"}],"wp:attachment":[{"href":"https:\/\/www.svzweckel.de\/index.php?rest_route=%2Fwp%2Fv2%2Fmedia&parent=15652"}],"wp:term":[{"taxonomy":"category","embeddable":true,"href":"https:\/\/www.svzweckel.de\/index.php?rest_route=%2Fwp%2Fv2%2Fcategories&post=15652"},{"taxonomy":"post_tag","embeddable":true,"href":"https:\/\/www.svzweckel.de\/index.php?rest_route=%2Fwp%2Fv2%2Ftags&post=15652"}],"curies":[{"name":"wp","href":"https:\/\/api.w.org\/{rel}","templated":true}]}}