{"id":15702,"date":"2023-04-30T18:30:34","date_gmt":"2023-04-30T16:30:34","guid":{"rendered":"https:\/\/www.svzweckel.de\/?p=15702"},"modified":"2023-04-30T18:32:57","modified_gmt":"2023-04-30T16:32:57","slug":"immer-an-sich-geglaubt","status":"publish","type":"post","link":"https:\/\/www.svzweckel.de\/?p=15702","title":{"rendered":"Immer an sich geglaubt"},"content":{"rendered":"\n<p>BV Hiltrop &#8211; SV Zweckel (1:1) 1:2<\/p>\n\n\n\n<p>Die Schwarz-Gr\u00fcnen sind wieder in die Erfolgsspur zur\u00fcckgekommen und haben drei Punkte aus Bochum mit an die Dorstener Stra\u00dfe gebracht. <\/p>\n\n\n\n<p>Das Spiel war nichts f\u00fcr schwache Nerven, denn der Siegtreffer f\u00fcr Zweckeler fiel erst in der 95. Minute.<\/p>\n\n\n\n<p>Die Partie ging gut los, den bereits in der 2. Minute wurde Serkan K\u00f6se im Sechszehner gefoult und verwandelte den f\u00e4lligen Elfmeter h\u00f6chstselbst zur 0:1-F\u00fchrung. Das brachte jedoch keine Ruhe in das Aufbauspiel der G\u00e4ste, denn zu viele B\u00e4lle wurden unkonzentriert in die Spitze gespielt und verfehlten die Mitspieler zu h\u00e4ufig. Die Gastgeber gingen zwar engagiert zu Werke, es fehlten ihnen jedoch die Mittel, die Zweckeler gef\u00e4hrlich unter Druck zu setzen. <\/p>\n\n\n\n<p>Die G\u00e4ste selbst sorgten daf\u00fcr, dass der Gastgeber aus Hiltrop erstarkte, denn nach einem Freisto\u00df konnte die Zweckeler Abwehr den Ball nicht kl\u00e4ren und musste den \u00fcberraschenden Ausgleich hinnehmen. Der Rasenplatz in Hiltrop hatte eine \u00e4hnliche Qualit\u00e4t wie das Zweckeler Gr\u00fcn, der Ball versprang jedoch noch h\u00e4ufiger, so dass die Zweckeler Abschl\u00fcsse zwar vorhanden waren, jedoch allesamt das wei\u00dfe Geh\u00e4use nicht trafen.  <\/p>\n\n\n\n<p>Die Partie wurde in den zweiten Halbzeit immer hektischer, denn die Hiltroper gaben sich keineswegs geschlagen, sondern gingen hart zu Werke. Daf\u00fcr kassierten sie auch 10 gelbe und eine gelb-rote Karte.<\/p>\n\n\n\n<p>Die G\u00e4ste hielten dagegen und lie\u00dfen sich in Teilen von der Stimmung mitrei\u00dfen. So dauerte es bis zur 95. Minute, ehe Jan Schwers die Zweckeler Fans erl\u00f6ste und zum vielumjubelten 1:2 ins linke Eck traf. Trainer und Mannschaft hatten immer an sich geglaubt und wurden vor dem Spielende noch mit dem Siegtreffer f\u00fcr ihren Aufwand belohnt. <\/p>\n\n\n\n<p>Kurz zuvor war Milad Sahebzada nach einer Rudelbildung mit gelb-rot vom Platz gestellt worden und zu allem \u00dcberfluss verh\u00e4ngte der Schiedsrichter noch eine weitere gelb-rote Karte gegen Serkan K\u00f6se, der f\u00fcr ein angebliches Foul, bei dem er deutlich den Ball gespielt hatte, vom Platz geschickt wurde. <\/p>\n\n\n\n<p>Beide Spieler werden am Donnerstag in G\u00fcnnigfeld den Zweckelern somit nicht zur Verf\u00fcgung stehen. <\/p>\n\n\n\n<p>Jetzt gilt: Mund abputzen und weitermachen, denn in vier Tagen haben die Zweckeler in ihrem Nachholspiel in G\u00fcnnigfeld die M\u00f6glichkeit, weitere Punkte gutzumachen. <\/p>\n","protected":false},"excerpt":{"rendered":"<p>BV Hiltrop &#8211; SV Zweckel (1:1) 1:2 Die Schwarz-Gr\u00fcnen sind wieder in die Erfolgsspur zur\u00fcckgekommen und haben drei Punkte aus Bochum mit an die Dorstener Stra\u00dfe gebracht. Das Spiel war nichts f\u00fcr schwache Nerven, denn der Siegtreffer f\u00fcr Zweckeler fiel erst in der 95. Minute. Die Partie ging gut los, den bereits in der 2. [&hellip;]<\/p>\n","protected":false},"author":3,"featured_media":15705,"comment_status":"open","ping_status":"closed","sticky":false,"template":"","format":"standard","meta":{"_jetpack_memberships_contains_paid_content":false,"footnotes":"","jetpack_publicize_message":"","jetpack_publicize_feature_enabled":true,"jetpack_social_post_already_shared":false,"jetpack_social_options":{"image_generator_settings":{"template":"highway","default_image_id":0,"font":"","enabled":false},"version":2}},"categories":[2,3],"tags":[],"class_list":["post-15702","post","type-post","status-publish","format-standard","has-post-thumbnail","hentry","category-1-mannschaft","category-allgemein"],"jetpack_publicize_connections":[],"jetpack_featured_media_url":"https:\/\/i0.wp.com\/www.svzweckel.de\/wp-content\/uploads\/2023\/04\/wp-16828720718996635019282051654485-scaled.jpg?fit=2560%2C1440&ssl=1","jetpack_sharing_enabled":true,"_links":{"self":[{"href":"https:\/\/www.svzweckel.de\/index.php?rest_route=\/wp\/v2\/posts\/15702","targetHints":{"allow":["GET"]}}],"collection":[{"href":"https:\/\/www.svzweckel.de\/index.php?rest_route=\/wp\/v2\/posts"}],"about":[{"href":"https:\/\/www.svzweckel.de\/index.php?rest_route=\/wp\/v2\/types\/post"}],"author":[{"embeddable":true,"href":"https:\/\/www.svzweckel.de\/index.php?rest_route=\/wp\/v2\/users\/3"}],"replies":[{"embeddable":true,"href":"https:\/\/www.svzweckel.de\/index.php?rest_route=%2Fwp%2Fv2%2Fcomments&post=15702"}],"version-history":[{"count":0,"href":"https:\/\/www.svzweckel.de\/index.php?rest_route=\/wp\/v2\/posts\/15702\/revisions"}],"wp:featuredmedia":[{"embeddable":true,"href":"https:\/\/www.svzweckel.de\/index.php?rest_route=\/wp\/v2\/media\/15705"}],"wp:attachment":[{"href":"https:\/\/www.svzweckel.de\/index.php?rest_route=%2Fwp%2Fv2%2Fmedia&parent=15702"}],"wp:term":[{"taxonomy":"category","embeddable":true,"href":"https:\/\/www.svzweckel.de\/index.php?rest_route=%2Fwp%2Fv2%2Fcategories&post=15702"},{"taxonomy":"post_tag","embeddable":true,"href":"https:\/\/www.svzweckel.de\/index.php?rest_route=%2Fwp%2Fv2%2Ftags&post=15702"}],"curies":[{"name":"wp","href":"https:\/\/api.w.org\/{rel}","templated":true}]}}