{"id":15710,"date":"2023-05-01T21:10:41","date_gmt":"2023-05-01T19:10:41","guid":{"rendered":"https:\/\/www.svzweckel.de\/?p=15710"},"modified":"2023-05-01T21:10:42","modified_gmt":"2023-05-01T19:10:42","slug":"nachholspiel-in-guennigfeld","status":"publish","type":"post","link":"https:\/\/www.svzweckel.de\/?p=15710","title":{"rendered":"Nachholspiel in G\u00fcnnigfeld"},"content":{"rendered":"\n<p>Donnerstag, 04.05.2023, 19:00 Uhr: VFB G\u00fcnnigfeld &#8211; SV Zweckel<\/p>\n\n\n\n<p>Am kommenden Donnerstag k\u00f6nnen die Zweckeler beim Nachholspiel in G\u00fcnnigfeld mit einem guten Ergebnis den Abstand zu den Abstiegspl\u00e4tzen vergr\u00f6\u00dfern. Aktuell haben die Zweckeler nur zwei Punkte mehr auf der Habenseite als Genclikspor und Wattenscheid, die beide derzeit auf den noch zu vergebenden Abstiegspl\u00e4tzen stehen. Sie haben jedoch zurzeit ein Spiel mehr absolviert.<\/p>\n\n\n\n<p>Die Zweckeler haben noch f\u00fcnf Spiele zu absolvieren, die meisten Konkurrenten noch vier, wobei z. B. der VfB Kirchhellen und der SC Hassel nur noch drei Spiele zu absolvieren haben, um dem Abstieg zu entgehen. <\/p>\n\n\n\n<p>Die Zweckeler haben am letzten Sonntag in Hiltrop bis zur letzten Minute alles gegeben, um den Siegtreffer zu erzielen und wurden zwei Minuten vor Schluss f\u00fcr ihr Engagement noch belohnt und gewann die Partie mit 1:2. <\/p>\n\n\n\n<p>G\u00fcnnigfeld f\u00fchrte in Kirchhellen bis zur 96. Minute mit 1:2, musste dann jedoch den Ausgleich durch die Gastgeber hinnehmen und ist mit aktuell 40 Punkten schon auf der sicheren Seite. <\/p>\n\n\n\n<p>Die Zweckeler m\u00fcssen neben den Langzeitverletzten am kommenden Donnerstag auch auf Serkan K\u00f6se und Milad Sahebzada verzichten, die beide in Hiltrop nach einer gelb-roten Karte f\u00fcr das kommende Spiel gesperrt sind. Die ohnehin recht d\u00fcnne Spielerdecke der Schwarz-Gr\u00fcnen wird somit f\u00fcr das n\u00e4chste Spiel weiter dezimiert.<\/p>\n\n\n\n<p>Aber auch die G\u00fcnnigfelder haben in der Nachspielzeit in Kirchhellen eine rote und eine gelb-rote Karte hinnehmen m\u00fcssen und werden ebenso auf zwei Spieler verzichten m\u00fcssen.<\/p>\n\n\n\n<p>Adresse: VfB G\u00fcnnigfeld, Martin-Lang-Stra\u00dfe 2, 44866 Bochum<\/p>\n","protected":false},"excerpt":{"rendered":"<p>Donnerstag, 04.05.2023, 19:00 Uhr: VFB G\u00fcnnigfeld &#8211; SV Zweckel Am kommenden Donnerstag k\u00f6nnen die Zweckeler beim Nachholspiel in G\u00fcnnigfeld mit einem guten Ergebnis den Abstand zu den Abstiegspl\u00e4tzen vergr\u00f6\u00dfern. Aktuell haben die Zweckeler nur zwei Punkte mehr auf der Habenseite als Genclikspor und Wattenscheid, die beide derzeit auf den noch zu vergebenden Abstiegspl\u00e4tzen stehen. Sie [&hellip;]<\/p>\n","protected":false},"author":3,"featured_media":15711,"comment_status":"open","ping_status":"closed","sticky":false,"template":"","format":"standard","meta":{"_jetpack_memberships_contains_paid_content":false,"footnotes":"","jetpack_publicize_message":"","jetpack_publicize_feature_enabled":true,"jetpack_social_post_already_shared":false,"jetpack_social_options":{"image_generator_settings":{"template":"highway","default_image_id":0,"font":"","enabled":false},"version":2}},"categories":[2],"tags":[],"class_list":["post-15710","post","type-post","status-publish","format-standard","has-post-thumbnail","hentry","category-1-mannschaft"],"jetpack_publicize_connections":[],"jetpack_featured_media_url":"https:\/\/i0.wp.com\/www.svzweckel.de\/wp-content\/uploads\/2023\/05\/wp-16829676480522347047457535878283-scaled.jpg?fit=2560%2C1440&ssl=1","jetpack_sharing_enabled":true,"_links":{"self":[{"href":"https:\/\/www.svzweckel.de\/index.php?rest_route=\/wp\/v2\/posts\/15710","targetHints":{"allow":["GET"]}}],"collection":[{"href":"https:\/\/www.svzweckel.de\/index.php?rest_route=\/wp\/v2\/posts"}],"about":[{"href":"https:\/\/www.svzweckel.de\/index.php?rest_route=\/wp\/v2\/types\/post"}],"author":[{"embeddable":true,"href":"https:\/\/www.svzweckel.de\/index.php?rest_route=\/wp\/v2\/users\/3"}],"replies":[{"embeddable":true,"href":"https:\/\/www.svzweckel.de\/index.php?rest_route=%2Fwp%2Fv2%2Fcomments&post=15710"}],"version-history":[{"count":0,"href":"https:\/\/www.svzweckel.de\/index.php?rest_route=\/wp\/v2\/posts\/15710\/revisions"}],"wp:featuredmedia":[{"embeddable":true,"href":"https:\/\/www.svzweckel.de\/index.php?rest_route=\/wp\/v2\/media\/15711"}],"wp:attachment":[{"href":"https:\/\/www.svzweckel.de\/index.php?rest_route=%2Fwp%2Fv2%2Fmedia&parent=15710"}],"wp:term":[{"taxonomy":"category","embeddable":true,"href":"https:\/\/www.svzweckel.de\/index.php?rest_route=%2Fwp%2Fv2%2Fcategories&post=15710"},{"taxonomy":"post_tag","embeddable":true,"href":"https:\/\/www.svzweckel.de\/index.php?rest_route=%2Fwp%2Fv2%2Ftags&post=15710"}],"curies":[{"name":"wp","href":"https:\/\/api.w.org\/{rel}","templated":true}]}}