{"id":15719,"date":"2023-05-05T08:10:17","date_gmt":"2023-05-05T06:10:17","guid":{"rendered":"https:\/\/www.svzweckel.de\/?p=15719"},"modified":"2023-05-05T08:12:16","modified_gmt":"2023-05-05T06:12:16","slug":"bonusspiel-vergeigt","status":"publish","type":"post","link":"https:\/\/www.svzweckel.de\/?p=15719","title":{"rendered":"Bonusspiel vergeigt"},"content":{"rendered":"\n<p>VfB G\u00fcnnigfeld &#8211; SV Zweckel 5:0 (3:0)<\/p>\n\n\n\n<p>Der SV Zweckel trat in G\u00fcnnigfeld zwar mit einer Rumpfmannschaft an, hat sich aber leider zu schnell den Gastgebern ergeben.<\/p>\n\n\n\n<p>Herzlichen Dank erst einmal an die drei Spieler der Zweiten, die sich trotz eines wichtigen Spiels ihrer eigenen Mannschaft in den Kader des SV Zweckel integriert haben, um dort auszuhelfen.<\/p>\n\n\n\n<p>Die Ausf\u00e4lle von Milad Sahebzada und insbesondere Serkan K\u00f6se konnten die Zweckeler nicht verkraften und lie\u00dfen sich von einem aggressiven und bisweilen unfairem Gegner den Schneid abkaufen. Die junge Zweckeler Mannschaft, bei der kein Spieler \u00e4lter als 23 Jahre alt war, stemmte sich leider nicht voller Physis gegen G\u00fcnnigfeld und schenkte sich durch Unaufmerksamkeiten s\u00e4mtliche Tore selbst ein.<\/p>\n\n\n\n<p>Es begann in der 23. Minute, als ein Gegenspieler im Sechzehner zu Fall gebracht wurde obwohl der Ball bereits ins Aus gelaufen war. Weiter ging es durch eine Unaufmerksamkeit der rechten Abwehrseite, \u00fcber die das 2:0 lief. Die Vorentscheidung fiel in der 36. Minute nach einem Standard, der an allen Defensivleuten und dem Torwart vorbeiflog und am zweiten Pfosten nur eingenickt werden musste.<\/p>\n\n\n\n<p>Bis dahin waren die Zweckeler nicht ganz chancenlos, vergaben vor dem Tor allerdings zweimal kl\u00e4glich.<\/p>\n\n\n\n<p>Nach dem Wechsel h\u00e4tten die Zweckeler den Anschlusstreffer erzielen k\u00f6nnen, doch Jan Schwers war im ersten Anlauf nicht erfolgreich und der Nachschuss von Sebastian Waldner verfehlte sein Ziel auch deutlich. <\/p>\n\n\n\n<p>So f\u00fchrten zwei weitere Fehler zu zwei Toren f\u00fcr die Gastgeber, die zwar nicht spielerisch gl\u00e4nzten, jedoch durch ihre Robustheit die Zweckeler in die Knie zwangen.<\/p>\n\n\n\n<p>Sp\u00e4testens jetzt muss bei jedem Zweckeler Akteur angekommen sein, dass Abstiegskampf auch Kampf bedeutet und nicht \u00fcber rein spielerische Momente entschieden werden muss.<\/p>\n\n\n\n<p><\/p>\n","protected":false},"excerpt":{"rendered":"<p>VfB G\u00fcnnigfeld &#8211; SV Zweckel 5:0 (3:0) Der SV Zweckel trat in G\u00fcnnigfeld zwar mit einer Rumpfmannschaft an, hat sich aber leider zu schnell den Gastgebern ergeben. Herzlichen Dank erst einmal an die drei Spieler der Zweiten, die sich trotz eines wichtigen Spiels ihrer eigenen Mannschaft in den Kader des SV Zweckel integriert haben, um [&hellip;]<\/p>\n","protected":false},"author":3,"featured_media":15717,"comment_status":"open","ping_status":"closed","sticky":false,"template":"","format":"standard","meta":{"_jetpack_memberships_contains_paid_content":false,"footnotes":"","jetpack_publicize_message":"","jetpack_publicize_feature_enabled":true,"jetpack_social_post_already_shared":false,"jetpack_social_options":{"image_generator_settings":{"template":"highway","default_image_id":0,"font":"","enabled":false},"version":2}},"categories":[2],"tags":[],"class_list":["post-15719","post","type-post","status-publish","format-standard","has-post-thumbnail","hentry","category-1-mannschaft"],"jetpack_publicize_connections":[],"jetpack_featured_media_url":"https:\/\/i0.wp.com\/www.svzweckel.de\/wp-content\/uploads\/2023\/05\/wp-16832576731771512297033175057315-scaled.jpg?fit=2560%2C1440&ssl=1","jetpack_sharing_enabled":true,"_links":{"self":[{"href":"https:\/\/www.svzweckel.de\/index.php?rest_route=\/wp\/v2\/posts\/15719","targetHints":{"allow":["GET"]}}],"collection":[{"href":"https:\/\/www.svzweckel.de\/index.php?rest_route=\/wp\/v2\/posts"}],"about":[{"href":"https:\/\/www.svzweckel.de\/index.php?rest_route=\/wp\/v2\/types\/post"}],"author":[{"embeddable":true,"href":"https:\/\/www.svzweckel.de\/index.php?rest_route=\/wp\/v2\/users\/3"}],"replies":[{"embeddable":true,"href":"https:\/\/www.svzweckel.de\/index.php?rest_route=%2Fwp%2Fv2%2Fcomments&post=15719"}],"version-history":[{"count":0,"href":"https:\/\/www.svzweckel.de\/index.php?rest_route=\/wp\/v2\/posts\/15719\/revisions"}],"wp:featuredmedia":[{"embeddable":true,"href":"https:\/\/www.svzweckel.de\/index.php?rest_route=\/wp\/v2\/media\/15717"}],"wp:attachment":[{"href":"https:\/\/www.svzweckel.de\/index.php?rest_route=%2Fwp%2Fv2%2Fmedia&parent=15719"}],"wp:term":[{"taxonomy":"category","embeddable":true,"href":"https:\/\/www.svzweckel.de\/index.php?rest_route=%2Fwp%2Fv2%2Fcategories&post=15719"},{"taxonomy":"post_tag","embeddable":true,"href":"https:\/\/www.svzweckel.de\/index.php?rest_route=%2Fwp%2Fv2%2Ftags&post=15719"}],"curies":[{"name":"wp","href":"https:\/\/api.w.org\/{rel}","templated":true}]}}