{"id":15729,"date":"2023-05-05T11:36:25","date_gmt":"2023-05-05T09:36:25","guid":{"rendered":"https:\/\/www.svzweckel.de\/?p=15729"},"modified":"2023-05-05T11:36:27","modified_gmt":"2023-05-05T09:36:27","slug":"ein-sieg-muss-her","status":"publish","type":"post","link":"https:\/\/www.svzweckel.de\/?p=15729","title":{"rendered":"Ein Sieg muss her!"},"content":{"rendered":"\n<p>Sonntag, 07.05.23, 15:00 Uhr: SV Zweckel &#8211; SG Herne 70<\/p>\n\n\n\n<p>Nach der wenig erbaulichen Vorstellung der Ersten beim VfB G\u00fcnnigfeld haben die Zweckeler am Sonntag wieder die Chance in einem Heimspiel Boden gut zu machen und im Abstiegskampf zu punkten.<\/p>\n\n\n\n<p>Der Gegner ist bereits 7 Punkte von einem Abstiegsplatz entfernt und d\u00fcrfte mit 39 Punkten wahrscheinlich schon gerettet sein. Das sieht f\u00fcr den SV Zweckel ganz anders aus, denn die Heimmannschaft muss noch punkten, um dem drohenden Abstieg zu entrinnen.<\/p>\n\n\n\n<p>Die Personallage am Sonntag ist nur bedingt besser als in G\u00fcnnigfeld, denn Serkan K\u00f6se und Milad Sahebzada kommen wieder in den Kader zur\u00fcck, allerdings fehlt Julius Wloch wegen der 10. gelben Karte.<\/p>\n\n\n\n<p>Die Mannschaft muss jetzt im Abstiegskampf den Kampf an- und aufnehmen und um jeden Zentimeter auf dem Rasen k\u00e4mpfen, damit sich der Erfolg einstellen kann. <\/p>\n\n\n\n<p>Alle Mitglieder und Fans sind aufgefordert, die Mannschaft in dieser schwierigen Situation zu unterst\u00fctzen.<\/p>\n","protected":false},"excerpt":{"rendered":"<p>Sonntag, 07.05.23, 15:00 Uhr: SV Zweckel &#8211; SG Herne 70 Nach der wenig erbaulichen Vorstellung der Ersten beim VfB G\u00fcnnigfeld haben die Zweckeler am Sonntag wieder die Chance in einem Heimspiel Boden gut zu machen und im Abstiegskampf zu punkten. Der Gegner ist bereits 7 Punkte von einem Abstiegsplatz entfernt und d\u00fcrfte mit 39 Punkten [&hellip;]<\/p>\n","protected":false},"author":3,"featured_media":15726,"comment_status":"open","ping_status":"closed","sticky":false,"template":"","format":"standard","meta":{"_jetpack_memberships_contains_paid_content":false,"footnotes":"","jetpack_publicize_message":"","jetpack_publicize_feature_enabled":true,"jetpack_social_post_already_shared":false,"jetpack_social_options":{"image_generator_settings":{"template":"highway","default_image_id":0,"font":"","enabled":false},"version":2}},"categories":[2],"tags":[],"class_list":["post-15729","post","type-post","status-publish","format-standard","has-post-thumbnail","hentry","category-1-mannschaft"],"jetpack_publicize_connections":[],"jetpack_featured_media_url":"https:\/\/i0.wp.com\/www.svzweckel.de\/wp-content\/uploads\/2023\/05\/wp-16832672501757658824527718619447-scaled.jpg?fit=2560%2C1440&ssl=1","jetpack_sharing_enabled":true,"_links":{"self":[{"href":"https:\/\/www.svzweckel.de\/index.php?rest_route=\/wp\/v2\/posts\/15729","targetHints":{"allow":["GET"]}}],"collection":[{"href":"https:\/\/www.svzweckel.de\/index.php?rest_route=\/wp\/v2\/posts"}],"about":[{"href":"https:\/\/www.svzweckel.de\/index.php?rest_route=\/wp\/v2\/types\/post"}],"author":[{"embeddable":true,"href":"https:\/\/www.svzweckel.de\/index.php?rest_route=\/wp\/v2\/users\/3"}],"replies":[{"embeddable":true,"href":"https:\/\/www.svzweckel.de\/index.php?rest_route=%2Fwp%2Fv2%2Fcomments&post=15729"}],"version-history":[{"count":0,"href":"https:\/\/www.svzweckel.de\/index.php?rest_route=\/wp\/v2\/posts\/15729\/revisions"}],"wp:featuredmedia":[{"embeddable":true,"href":"https:\/\/www.svzweckel.de\/index.php?rest_route=\/wp\/v2\/media\/15726"}],"wp:attachment":[{"href":"https:\/\/www.svzweckel.de\/index.php?rest_route=%2Fwp%2Fv2%2Fmedia&parent=15729"}],"wp:term":[{"taxonomy":"category","embeddable":true,"href":"https:\/\/www.svzweckel.de\/index.php?rest_route=%2Fwp%2Fv2%2Fcategories&post=15729"},{"taxonomy":"post_tag","embeddable":true,"href":"https:\/\/www.svzweckel.de\/index.php?rest_route=%2Fwp%2Fv2%2Ftags&post=15729"}],"curies":[{"name":"wp","href":"https:\/\/api.w.org\/{rel}","templated":true}]}}