{"id":15734,"date":"2023-05-08T07:35:52","date_gmt":"2023-05-08T05:35:52","guid":{"rendered":"https:\/\/www.svzweckel.de\/?p=15734"},"modified":"2023-05-08T07:35:54","modified_gmt":"2023-05-08T05:35:54","slug":"es-wird-richtig-eng","status":"publish","type":"post","link":"https:\/\/www.svzweckel.de\/?p=15734","title":{"rendered":"Es wird richtig eng!"},"content":{"rendered":"\n<p><strong>SV Zweckel &#8211; SG Herne 70 1:2 (0:1)<\/strong><\/p>\n\n\n\n<p>Am Ende steht der SV Zweckel mal wieder mit leeren H\u00e4nden da. Gegen Herne 70 waren Milad Sahebzada und Serkan K\u00f6se wieder an Bord, was dem Spiel der Gastgeber auch gut tat.<\/p>\n\n\n\n<p>Im Gegensatz zum Donnerstagspiel in G\u00fcnnigfeld waren die Zweckeler auf dem Spielfeld pr\u00e4sent und k\u00e4mpften um jeden Meter. Doch trotz \u00dcberlegenheit wurde daraus kein Kapital geschlagen, denn gute Chancen vor dem G\u00e4stetor wurde teilweise kl\u00e4glich vergeben. Die Verantwortung f\u00fcr den Abschluss schob die Schwarz-Gr\u00fcne Offensive zu oft zum teilweise schlechter postierten Mitspieler, anstatt selbst den Abschluss zu suchen.<\/p>\n\n\n\n<p>Nach einem Zweckeler Abschlag kam der zweite Ball postwenden zum Gegner und mit zwei Spielz\u00fcgen hatten sich die Herner freigespielt und erzielten in 41. Minute \u00fcberraschend das 0:1.<\/p>\n\n\n\n<p>Nach dem Wechsel dr\u00e4ngten die Zweckeler zwar auf den Ausgleich, die kompromisslose Abwehr der G\u00e4ste lie\u00df jedoch wenig zu. Ein Konter in der 78. Minute brachte dann noch das 0:2, was eigentlich schon die Vorentscheidung war.<\/p>\n\n\n\n<p>Trotzdem liefen die Gastgeber weiter an und wurden in der 88. Minute durch den Anschlusstreffer durch Sebastian Waldner belohnt, der allerdings nur Ergebniskosmetik war, denn danach ergab sich keine gef\u00e4hrliche Situation f\u00fcr die Zweckeler mehr. Trainer G\u00fcnter Appelt musste neben den Langzeitverletzten in dieser Partie kurzfristig auch auf den verletzten Offensivmann Armand Lalo Penka Kouesso verzichten.<\/p>\n\n\n\n<p>Zu allem \u00dcberfluss musste Tristan Oben-Stintenberg in der 63. Minute mit einer Sprunggelenksverletzung ausgewechselt werden und steht hoffentlich den Schwarz-Gr\u00fcnen in den kommenden Spielen zur Verf\u00fcgung.<\/p>\n\n\n\n<p>Erstmals nach langer Verletzungspause konnte Sven Hagemeister wieder f\u00fcr 15 Minuten auflaufen. Zu mehr wird es vermutlich erst in den letzten Spielen reichen.<\/p>\n\n\n\n<p>Da die unmittelbaren Konkurrenten im Abstiegskampf auch keinen entscheidenden Boden gut machen konnten, wird der SV Zweckel den Abstieg in den letzten beiden Spielen gegen Genclikspor und in Wattenscheid abwenden m\u00fcssen.<\/p>\n","protected":false},"excerpt":{"rendered":"<p>SV Zweckel &#8211; SG Herne 70 1:2 (0:1) Am Ende steht der SV Zweckel mal wieder mit leeren H\u00e4nden da. Gegen Herne 70 waren Milad Sahebzada und Serkan K\u00f6se wieder an Bord, was dem Spiel der Gastgeber auch gut tat. Im Gegensatz zum Donnerstagspiel in G\u00fcnnigfeld waren die Zweckeler auf dem Spielfeld pr\u00e4sent und k\u00e4mpften [&hellip;]<\/p>\n","protected":false},"author":3,"featured_media":15659,"comment_status":"open","ping_status":"closed","sticky":false,"template":"","format":"standard","meta":{"_jetpack_memberships_contains_paid_content":false,"footnotes":"","jetpack_publicize_message":"","jetpack_publicize_feature_enabled":true,"jetpack_social_post_already_shared":false,"jetpack_social_options":{"image_generator_settings":{"template":"highway","default_image_id":0,"font":"","enabled":false},"version":2}},"categories":[2],"tags":[],"class_list":["post-15734","post","type-post","status-publish","format-standard","has-post-thumbnail","hentry","category-1-mannschaft"],"jetpack_publicize_connections":[],"jetpack_featured_media_url":"https:\/\/i0.wp.com\/www.svzweckel.de\/wp-content\/uploads\/2023\/04\/DSC00006.jpg?fit=800%2C533&ssl=1","jetpack_sharing_enabled":true,"_links":{"self":[{"href":"https:\/\/www.svzweckel.de\/index.php?rest_route=\/wp\/v2\/posts\/15734","targetHints":{"allow":["GET"]}}],"collection":[{"href":"https:\/\/www.svzweckel.de\/index.php?rest_route=\/wp\/v2\/posts"}],"about":[{"href":"https:\/\/www.svzweckel.de\/index.php?rest_route=\/wp\/v2\/types\/post"}],"author":[{"embeddable":true,"href":"https:\/\/www.svzweckel.de\/index.php?rest_route=\/wp\/v2\/users\/3"}],"replies":[{"embeddable":true,"href":"https:\/\/www.svzweckel.de\/index.php?rest_route=%2Fwp%2Fv2%2Fcomments&post=15734"}],"version-history":[{"count":0,"href":"https:\/\/www.svzweckel.de\/index.php?rest_route=\/wp\/v2\/posts\/15734\/revisions"}],"wp:featuredmedia":[{"embeddable":true,"href":"https:\/\/www.svzweckel.de\/index.php?rest_route=\/wp\/v2\/media\/15659"}],"wp:attachment":[{"href":"https:\/\/www.svzweckel.de\/index.php?rest_route=%2Fwp%2Fv2%2Fmedia&parent=15734"}],"wp:term":[{"taxonomy":"category","embeddable":true,"href":"https:\/\/www.svzweckel.de\/index.php?rest_route=%2Fwp%2Fv2%2Fcategories&post=15734"},{"taxonomy":"post_tag","embeddable":true,"href":"https:\/\/www.svzweckel.de\/index.php?rest_route=%2Fwp%2Fv2%2Ftags&post=15734"}],"curies":[{"name":"wp","href":"https:\/\/api.w.org\/{rel}","templated":true}]}}