{"id":15737,"date":"2023-05-12T07:53:52","date_gmt":"2023-05-12T05:53:52","guid":{"rendered":"https:\/\/www.svzweckel.de\/?p=15737"},"modified":"2023-05-12T07:53:55","modified_gmt":"2023-05-12T05:53:55","slug":"grosse-herausforderung","status":"publish","type":"post","link":"https:\/\/www.svzweckel.de\/?p=15737","title":{"rendered":"Gro\u00dfe Herausforderung"},"content":{"rendered":"\n<p>Sonntag, 14.05.2023, 15:00 Uhr: SV Vestia Disteln &#8211; SV Zweckel <\/p>\n\n\n\n<p>Am kommenden Sonntag trifft der schussgewaltigste Sturm auf einen der schw\u00e4chsten Angriffe der Bezirksliga. Mit 146 geschossenen Toren haben die Hertener knapp 5 Tore im Schnitt pro Spiel erzielt und stellen mit Philipp M\u00fcller den treffsichersten Akteur der ganzen Liga. Dieser hat mit 46 Treffern immerhin 3 Tore mehr erzielt als die gesamte Zweckeler Mannschaft. <\/p>\n\n\n\n<p>Auch Justin Gruber mit 33 Toren und Yannick Goecke mit 26 Toren sind treffsichere Sch\u00fctzen des Tabellenf\u00fchrers.<\/p>\n\n\n\n<p>Die Distelener fiebern vermutlich dem Spitzenspiel am 21.05.23 beim FC Marl entgegen, die mit drei Punkten im Hintertreffen sind.<\/p>\n\n\n\n<p>F\u00fcr den SV Zweckel geht es darum, sich ordentlich zu pr\u00e4sentieren und dann mit voller Konzentration in die letzten beiden Spiele zu gehen, um mit erfolgreichem Fu\u00dfball noch die Klasse halten zu k\u00f6nnen. <br>Hinter einigen Spielern stehen noch Fragezeichen, so dass Trainer G\u00fcnter Appelt vermutlich nicht mit der st\u00e4rksten Mannschaft auflaufen kann. <\/p>\n","protected":false},"excerpt":{"rendered":"<p>Sonntag, 14.05.2023, 15:00 Uhr: SV Vestia Disteln &#8211; SV Zweckel Am kommenden Sonntag trifft der schussgewaltigste Sturm auf einen der schw\u00e4chsten Angriffe der Bezirksliga. Mit 146 geschossenen Toren haben die Hertener knapp 5 Tore im Schnitt pro Spiel erzielt und stellen mit Philipp M\u00fcller den treffsichersten Akteur der ganzen Liga. Dieser hat mit 46 Treffern [&hellip;]<\/p>\n","protected":false},"author":3,"featured_media":15408,"comment_status":"open","ping_status":"closed","sticky":false,"template":"","format":"standard","meta":{"_jetpack_memberships_contains_paid_content":false,"footnotes":"","jetpack_publicize_message":"","jetpack_publicize_feature_enabled":true,"jetpack_social_post_already_shared":false,"jetpack_social_options":{"image_generator_settings":{"template":"highway","default_image_id":0,"font":"","enabled":false},"version":2}},"categories":[2],"tags":[],"class_list":["post-15737","post","type-post","status-publish","format-standard","has-post-thumbnail","hentry","category-1-mannschaft"],"jetpack_publicize_connections":[],"jetpack_featured_media_url":"https:\/\/i0.wp.com\/www.svzweckel.de\/wp-content\/uploads\/2023\/01\/DSC02251.jpg?fit=800%2C533&ssl=1","jetpack_sharing_enabled":true,"_links":{"self":[{"href":"https:\/\/www.svzweckel.de\/index.php?rest_route=\/wp\/v2\/posts\/15737","targetHints":{"allow":["GET"]}}],"collection":[{"href":"https:\/\/www.svzweckel.de\/index.php?rest_route=\/wp\/v2\/posts"}],"about":[{"href":"https:\/\/www.svzweckel.de\/index.php?rest_route=\/wp\/v2\/types\/post"}],"author":[{"embeddable":true,"href":"https:\/\/www.svzweckel.de\/index.php?rest_route=\/wp\/v2\/users\/3"}],"replies":[{"embeddable":true,"href":"https:\/\/www.svzweckel.de\/index.php?rest_route=%2Fwp%2Fv2%2Fcomments&post=15737"}],"version-history":[{"count":0,"href":"https:\/\/www.svzweckel.de\/index.php?rest_route=\/wp\/v2\/posts\/15737\/revisions"}],"wp:featuredmedia":[{"embeddable":true,"href":"https:\/\/www.svzweckel.de\/index.php?rest_route=\/wp\/v2\/media\/15408"}],"wp:attachment":[{"href":"https:\/\/www.svzweckel.de\/index.php?rest_route=%2Fwp%2Fv2%2Fmedia&parent=15737"}],"wp:term":[{"taxonomy":"category","embeddable":true,"href":"https:\/\/www.svzweckel.de\/index.php?rest_route=%2Fwp%2Fv2%2Fcategories&post=15737"},{"taxonomy":"post_tag","embeddable":true,"href":"https:\/\/www.svzweckel.de\/index.php?rest_route=%2Fwp%2Fv2%2Ftags&post=15737"}],"curies":[{"name":"wp","href":"https:\/\/api.w.org\/{rel}","templated":true}]}}