{"id":15752,"date":"2023-05-15T13:11:03","date_gmt":"2023-05-15T11:11:03","guid":{"rendered":"https:\/\/www.svzweckel.de\/?p=15752"},"modified":"2023-05-15T13:27:24","modified_gmt":"2023-05-15T11:27:24","slug":"erwartetes-ergebnis","status":"publish","type":"post","link":"https:\/\/www.svzweckel.de\/?p=15752","title":{"rendered":"Erwartetes Ergebnis"},"content":{"rendered":"\n<p>SV Vestia Disteln &#8211; SV Zweckel 5:0 (2:0)<\/p>\n\n\n\n<p>Es war ein Ergebnis, mit welchem zu rechnen war, fiel jedoch mindestens zwei Tore zu hoch aus. Wie Trainer G\u00fcnter Appelt angek\u00fcndigt hatte, kam f\u00fcr die Mannschaft im Abstiegskampf kein Abschenken des Spiels in Frage. Der direkte Konkurrent Wattenscheid ist gegen Disteln nicht angetreten und hat daf\u00fcr am gr\u00fcnen Tisch eine 0:2-Niederlage angerechnet bekommen.<\/p>\n\n\n\n<p>Das k\u00f6nnte sich m\u00f6glicherweise im Nachgang noch als entscheidend erweisen, denn im Moment liegen die potenziellen Abstiegskandidaten Wattenscheid (-23 Tore), Zweckel (-22 Tore), Genclikspor (-29 Tore) und Kirchhellen (-21 Tore) noch dicht beisammen. <\/p>\n\n\n\n<p>Die Zweckeler konnten in Disteln wieder etwas lernen, denn nach knapp 20 Minuten f\u00fchrten die Gastgeber mit 2:0, ohne eine echte Torchance gehabt zu haben. Beide Tore gingen auf individuelle Fehler der G\u00e4ste zur\u00fcck. <\/p>\n\n\n\n<p>Die Zweckeler spielten gut beim souver\u00e4nden Tabellenf\u00fchrer und schafften es trotz  bester Chancen nicht, den Anschlusstreffer zu erzielen. Nach der Pause gingen die Gastgeber mit 3:0 in F\u00fchrung, wobei der G\u00e4stest\u00fcrmer mindestens zwei Meter im Abseits stand und der einige Male deulich daneben liegende Schiedsrichter Martin Gr\u00f6sbrink im Anschluss auch noch zwei gelbe Karten wegen Meckerns gegen Zweckeler zeigte. <\/p>\n\n\n\n<p>Damit war die Partie endg\u00fcltig entschieden und die Zweckeler kassierten in den letzten Minuten noch zwei Treffer, womit das Ergebnis deutlich zu hoch ausfiel.<\/p>\n\n\n\n<p>Jetzt haben die Zweckeler zwei Endspiele vor der Brust. Gewinnen die Zweckeler beide Spiele, bleiben sie in der Bezirksliga.<\/p>\n","protected":false},"excerpt":{"rendered":"<p>SV Vestia Disteln &#8211; SV Zweckel 5:0 (2:0) Es war ein Ergebnis, mit welchem zu rechnen war, fiel jedoch mindestens zwei Tore zu hoch aus. Wie Trainer G\u00fcnter Appelt angek\u00fcndigt hatte, kam f\u00fcr die Mannschaft im Abstiegskampf kein Abschenken des Spiels in Frage. Der direkte Konkurrent Wattenscheid ist gegen Disteln nicht angetreten und hat daf\u00fcr [&hellip;]<\/p>\n","protected":false},"author":3,"featured_media":15749,"comment_status":"open","ping_status":"closed","sticky":false,"template":"","format":"standard","meta":{"_jetpack_memberships_contains_paid_content":false,"footnotes":"","jetpack_publicize_message":"","jetpack_publicize_feature_enabled":true,"jetpack_social_post_already_shared":false,"jetpack_social_options":{"image_generator_settings":{"template":"highway","default_image_id":0,"font":"","enabled":false},"version":2}},"categories":[2],"tags":[],"class_list":["post-15752","post","type-post","status-publish","format-standard","has-post-thumbnail","hentry","category-1-mannschaft"],"jetpack_publicize_connections":[],"jetpack_featured_media_url":"https:\/\/i0.wp.com\/www.svzweckel.de\/wp-content\/uploads\/2023\/05\/wp-16840794855618301604271732759667-scaled.jpg?fit=2560%2C1440&ssl=1","jetpack_sharing_enabled":true,"_links":{"self":[{"href":"https:\/\/www.svzweckel.de\/index.php?rest_route=\/wp\/v2\/posts\/15752","targetHints":{"allow":["GET"]}}],"collection":[{"href":"https:\/\/www.svzweckel.de\/index.php?rest_route=\/wp\/v2\/posts"}],"about":[{"href":"https:\/\/www.svzweckel.de\/index.php?rest_route=\/wp\/v2\/types\/post"}],"author":[{"embeddable":true,"href":"https:\/\/www.svzweckel.de\/index.php?rest_route=\/wp\/v2\/users\/3"}],"replies":[{"embeddable":true,"href":"https:\/\/www.svzweckel.de\/index.php?rest_route=%2Fwp%2Fv2%2Fcomments&post=15752"}],"version-history":[{"count":0,"href":"https:\/\/www.svzweckel.de\/index.php?rest_route=\/wp\/v2\/posts\/15752\/revisions"}],"wp:featuredmedia":[{"embeddable":true,"href":"https:\/\/www.svzweckel.de\/index.php?rest_route=\/wp\/v2\/media\/15749"}],"wp:attachment":[{"href":"https:\/\/www.svzweckel.de\/index.php?rest_route=%2Fwp%2Fv2%2Fmedia&parent=15752"}],"wp:term":[{"taxonomy":"category","embeddable":true,"href":"https:\/\/www.svzweckel.de\/index.php?rest_route=%2Fwp%2Fv2%2Fcategories&post=15752"},{"taxonomy":"post_tag","embeddable":true,"href":"https:\/\/www.svzweckel.de\/index.php?rest_route=%2Fwp%2Fv2%2Ftags&post=15752"}],"curies":[{"name":"wp","href":"https:\/\/api.w.org\/{rel}","templated":true}]}}