{"id":15755,"date":"2023-05-15T13:26:47","date_gmt":"2023-05-15T11:26:47","guid":{"rendered":"https:\/\/www.svzweckel.de\/?p=15755"},"modified":"2023-05-15T13:26:56","modified_gmt":"2023-05-15T11:26:56","slug":"erstes-endspiel-gegen-genclikspor","status":"publish","type":"post","link":"https:\/\/www.svzweckel.de\/?p=15755","title":{"rendered":"Erstes Endspiel gegen Genclikspor"},"content":{"rendered":"\n<p>Sonntag, 21.05.23, 15:00 Uhr: SV Zweckel &#8211; Genclikspor Recklinghausen<\/p>\n\n\n\n<p>Auf Rechenspiele darf sich der SV Zweckel nicht einlassen und ist gegen die Recklingh\u00e4user unter Zugzwang. Mit einenm Sieg w\u00fcrden die Zweckeler die G\u00e4ste aus Recklinghausen \u00fcberholen und blieben damit auch sicher vor Wattenscheid, bei denen die Zweckeler im letzten Spiel antreten m\u00fcssen.  <\/p>\n\n\n\n<p>In diese missliche Situtaion sind die Zweckeler auch durch den R\u00fcckzug von FSM geraten, denn sowohl Genclikspor als auch Wattenscheid profitierten davon. Die Zweckeler gewannen beide Spiele gegen FSM, w\u00e4hrend die beiden anderen Manschaften jeweils eine Partie gegen die Gladbecker Mannschaft verloren. Durch den R\u00fcckzug wurden den Zweckeler 6 Punkte abgezogen, w\u00e4hrend Wattenscheid und Genclikspor nur drei Punkte verloren. H\u00e4tte FSM sich eine Woche sp\u00e4ter abgemeldet, w\u00e4ren alle bis dahin absolvierten Partien gewertet worden und nur die im Mai stattfindenden Begegnungen w\u00e4ren mit 2:0 gegen FSM gewertet worden. <\/p>\n\n\n\n<p>Das ist aber Schnee von gestern, denn die Zweckeler haben es selbst in der Hand und k\u00f6nnen mit zwei Siegen den Klassenerhalt aus eigener Kraft schaffen. Mit Kapit\u00e4tn Sebastian Hagemeister, der erstmalig nach langen Verletzungsmonaten in Disteln wieder auf dem Platz stand und f\u00fcr Stabilit\u00e4t im Defensivbereich sorgte, hat Trainer G\u00fcnter Appelt wieder eine Option mehr, um die beiden Partien zu gewinnen. <\/p>\n\n\n\n<p>Der SV Zweckel ben\u00f6tigt am Sonntag alle Unterst\u00fctzung, um das Spiel siegreich zu gestalten. Die Defensive muss insbesondere auf S\u00fclemyan Demirci aufpassen, der mit 24 Treffern die H\u00e4lfte der Treffer seiner Mannschaft erzielt hat und auch am letzten Sonntag beim 3:1 gegen Wattenscheid dreimal traf.<\/p>\n\n\n\n<p><\/p>\n","protected":false},"excerpt":{"rendered":"<p>Sonntag, 21.05.23, 15:00 Uhr: SV Zweckel &#8211; Genclikspor Recklinghausen Auf Rechenspiele darf sich der SV Zweckel nicht einlassen und ist gegen die Recklingh\u00e4user unter Zugzwang. Mit einenm Sieg w\u00fcrden die Zweckeler die G\u00e4ste aus Recklinghausen \u00fcberholen und blieben damit auch sicher vor Wattenscheid, bei denen die Zweckeler im letzten Spiel antreten m\u00fcssen. In diese missliche [&hellip;]<\/p>\n","protected":false},"author":3,"featured_media":15748,"comment_status":"open","ping_status":"closed","sticky":false,"template":"","format":"standard","meta":{"_jetpack_memberships_contains_paid_content":false,"footnotes":"","jetpack_publicize_message":"","jetpack_publicize_feature_enabled":true,"jetpack_social_post_already_shared":false,"jetpack_social_options":{"image_generator_settings":{"template":"highway","default_image_id":0,"font":"","enabled":false},"version":2}},"categories":[2],"tags":[],"class_list":["post-15755","post","type-post","status-publish","format-standard","has-post-thumbnail","hentry","category-1-mannschaft"],"jetpack_publicize_connections":[],"jetpack_featured_media_url":"https:\/\/i0.wp.com\/www.svzweckel.de\/wp-content\/uploads\/2023\/05\/wp-16840794471186047147015584814880-scaled.jpg?fit=2560%2C1440&ssl=1","jetpack_sharing_enabled":true,"_links":{"self":[{"href":"https:\/\/www.svzweckel.de\/index.php?rest_route=\/wp\/v2\/posts\/15755","targetHints":{"allow":["GET"]}}],"collection":[{"href":"https:\/\/www.svzweckel.de\/index.php?rest_route=\/wp\/v2\/posts"}],"about":[{"href":"https:\/\/www.svzweckel.de\/index.php?rest_route=\/wp\/v2\/types\/post"}],"author":[{"embeddable":true,"href":"https:\/\/www.svzweckel.de\/index.php?rest_route=\/wp\/v2\/users\/3"}],"replies":[{"embeddable":true,"href":"https:\/\/www.svzweckel.de\/index.php?rest_route=%2Fwp%2Fv2%2Fcomments&post=15755"}],"version-history":[{"count":0,"href":"https:\/\/www.svzweckel.de\/index.php?rest_route=\/wp\/v2\/posts\/15755\/revisions"}],"wp:featuredmedia":[{"embeddable":true,"href":"https:\/\/www.svzweckel.de\/index.php?rest_route=\/wp\/v2\/media\/15748"}],"wp:attachment":[{"href":"https:\/\/www.svzweckel.de\/index.php?rest_route=%2Fwp%2Fv2%2Fmedia&parent=15755"}],"wp:term":[{"taxonomy":"category","embeddable":true,"href":"https:\/\/www.svzweckel.de\/index.php?rest_route=%2Fwp%2Fv2%2Fcategories&post=15755"},{"taxonomy":"post_tag","embeddable":true,"href":"https:\/\/www.svzweckel.de\/index.php?rest_route=%2Fwp%2Fv2%2Ftags&post=15755"}],"curies":[{"name":"wp","href":"https:\/\/api.w.org\/{rel}","templated":true}]}}