{"id":15769,"date":"2023-05-21T19:09:15","date_gmt":"2023-05-21T17:09:15","guid":{"rendered":"https:\/\/www.svzweckel.de\/?p=15769"},"modified":"2023-05-21T19:09:16","modified_gmt":"2023-05-21T17:09:16","slug":"ausgangssituation-entschieden-verbessert","status":"publish","type":"post","link":"https:\/\/www.svzweckel.de\/?p=15769","title":{"rendered":"Ausgangssituation entschieden verbessert"},"content":{"rendered":"\n<p>SV Zweckel &#8211; Genclikspor Recklinghausen 3:1 (1:1)<\/p>\n\n\n\n<p>Nach dem Schlusspfiff lagen sich die Zweckeler Spieler und Fans gemeinsam in den Armen, denn mit dem Sieg gegen einen anderen Abstiegskandidaten haben sich die ganz in Gr\u00fcn angetretenen Zweckeler eine gute Ausgangsposition f\u00fcr den letzten Spieltag verschafft. <\/p>\n\n\n\n<p>Der Beginn der Partie war wieder alles andere als gl\u00fccklich f\u00fcr die Platzherren, denn nach einem Freisto\u00df  f\u00fcr den Gast ging dieser durch Torj\u00e4ger S\u00fcleyman Demirci mit 0:1 in F\u00fchrung. Doch die Gastgeber sch\u00fcttelten sich nur kurz und bauten Druck auf das Recklingh\u00e4user Geh\u00e4use auf. Die Zweckeler erarbeiteten sich eine Torchance nach der anderen, ben\u00f6tigten jedoch einen Elfmeter, um den Ausgleich zu erzielen. Ein G\u00e4stespieler verl\u00e4ngerte den Ball im Sechszehner per Hand und den f\u00e4lligen Elfer verwandelte Serkan K\u00f6se sicher in die Maschen. <\/p>\n\n\n\n<p>In der Folge waren die Zweckeler weiterhin am Dr\u00fccker, vers\u00e4umte es aber wieder einmal, den F\u00fchrungstreffer zu erzielen. <\/p>\n\n\n\n<p>Nach der Pause wurde es etwas hektischer, jedoch brachte das Schiedsrichtergespann unter Leitung von Claas Steenebr\u00fcgge aus Bochum sorgte mit besonnenem Einschreiten daf\u00fcr, dass es in der Folge ruhig blieb. <\/p>\n\n\n\n<p>In der 69. Minute brachte der agile Jan Schwers den Heimverein in F\u00fchrung. Eine Flane nahm er gekonnt herunter und versenkte den Ball mit einem Flachschuss in das rechte Toreck. Damit nicht genug: In der 77. Minute lief einer Ballstaffette \u00fcber Julius Wloch, Serkan K\u00f6se zu Jan Schwers, der im Sechzehner nur durch ein Foul gestoppt werden konnte. Den folgenden Strafsto\u00df verwandelte Serkan K\u00f6se wieder sicher zum vorentscheidenden 3:1. <\/p>\n\n\n\n<p>Danach versuchten es die G\u00e4ste mit langen B\u00e4llen, konnten sich aber gegen die gut gestaffelte Zweckeler Defensive nicht mehr durchsetzen, so dass am Ende der Sieg der Zweckeler nicht mehr gef\u00e4hrdet war. Die Schwarz-Gr\u00fcnen h\u00e4tten durchaus noch den einen oder anderen Treffer erzielen k\u00f6nnen, scheiterten jedoch das ein oder andere Mal. <\/p>\n\n\n\n<p>Nach dem Schlusspfiff lie\u00dfen sich die Zweckeler vom lautstarken Anhang feiern und verabschiedeten in ihrem letzten Heimspiel Pascalis Terzis, der nach knapp 15 Jahren das Zweckeler Trikot gegen eines des FC Saloniki-Essen tauschen wird. <br><\/p>\n","protected":false},"excerpt":{"rendered":"<p>SV Zweckel &#8211; Genclikspor Recklinghausen 3:1 (1:1) Nach dem Schlusspfiff lagen sich die Zweckeler Spieler und Fans gemeinsam in den Armen, denn mit dem Sieg gegen einen anderen Abstiegskandidaten haben sich die ganz in Gr\u00fcn angetretenen Zweckeler eine gute Ausgangsposition f\u00fcr den letzten Spieltag verschafft. Der Beginn der Partie war wieder alles andere als gl\u00fccklich [&hellip;]<\/p>\n","protected":false},"author":3,"featured_media":15772,"comment_status":"open","ping_status":"closed","sticky":false,"template":"","format":"standard","meta":{"_jetpack_memberships_contains_paid_content":false,"footnotes":"","jetpack_publicize_message":"","jetpack_publicize_feature_enabled":true,"jetpack_social_post_already_shared":false,"jetpack_social_options":{"image_generator_settings":{"template":"highway","default_image_id":0,"font":"","enabled":false},"version":2}},"categories":[2],"tags":[],"class_list":["post-15769","post","type-post","status-publish","format-standard","has-post-thumbnail","hentry","category-1-mannschaft"],"jetpack_publicize_connections":[],"jetpack_featured_media_url":"https:\/\/i0.wp.com\/www.svzweckel.de\/wp-content\/uploads\/2023\/05\/wp-16846884993196542005740517308829-scaled.jpg?fit=2560%2C1440&ssl=1","jetpack_sharing_enabled":true,"_links":{"self":[{"href":"https:\/\/www.svzweckel.de\/index.php?rest_route=\/wp\/v2\/posts\/15769","targetHints":{"allow":["GET"]}}],"collection":[{"href":"https:\/\/www.svzweckel.de\/index.php?rest_route=\/wp\/v2\/posts"}],"about":[{"href":"https:\/\/www.svzweckel.de\/index.php?rest_route=\/wp\/v2\/types\/post"}],"author":[{"embeddable":true,"href":"https:\/\/www.svzweckel.de\/index.php?rest_route=\/wp\/v2\/users\/3"}],"replies":[{"embeddable":true,"href":"https:\/\/www.svzweckel.de\/index.php?rest_route=%2Fwp%2Fv2%2Fcomments&post=15769"}],"version-history":[{"count":0,"href":"https:\/\/www.svzweckel.de\/index.php?rest_route=\/wp\/v2\/posts\/15769\/revisions"}],"wp:featuredmedia":[{"embeddable":true,"href":"https:\/\/www.svzweckel.de\/index.php?rest_route=\/wp\/v2\/media\/15772"}],"wp:attachment":[{"href":"https:\/\/www.svzweckel.de\/index.php?rest_route=%2Fwp%2Fv2%2Fmedia&parent=15769"}],"wp:term":[{"taxonomy":"category","embeddable":true,"href":"https:\/\/www.svzweckel.de\/index.php?rest_route=%2Fwp%2Fv2%2Fcategories&post=15769"},{"taxonomy":"post_tag","embeddable":true,"href":"https:\/\/www.svzweckel.de\/index.php?rest_route=%2Fwp%2Fv2%2Ftags&post=15769"}],"curies":[{"name":"wp","href":"https:\/\/api.w.org\/{rel}","templated":true}]}}