{"id":1577,"date":"2014-11-29T15:23:51","date_gmt":"2014-11-29T15:23:51","guid":{"rendered":"http:\/\/www.svzweckel.de\/?p=1577"},"modified":"2014-11-29T15:25:13","modified_gmt":"2014-11-29T15:25:13","slug":"schwerer-gang-ins-muensterland","status":"publish","type":"post","link":"https:\/\/www.svzweckel.de\/?p=1577","title":{"rendered":"Schwerer Gang ins M\u00fcnsterland"},"content":{"rendered":"<p>Nach nunmehr drei Wochen ohne Meisterschaftsspiel ist die Oberligamannschaft wieder im Rennen. Dabei m\u00fcssen die Schwarz-Gr\u00fcnen einaml nicht gen Osten zum Ausw\u00e4rtsspiel fahren. Es geht diesmal nach Norden in den H\u00fclsta-Sportpark nach Stadtlohn. Der gastgebende Verein ist mit mehr als 3500 Mitgliedern der gr\u00f6\u00dfte Sportverein in Stadtlohn. Die Mannschaft ist in dieser Saison in die Oberliga aufgestiegen und belegt aktuell den 5. Tabellenplatz. Mit 25 Punkten hat der Aufsteiger bereits eindrucksvoll nachgewiesen, dass er mit den Abstiegsr\u00e4ngen nichts zu tun haben wird. Mit 23 Treffern hat der SuS mehr als doppelt so viel Treffer wie der SVZ erzielt. Allerdings hat die Stadtlohner Defensive auch drei Tore mehr kassiert als der sonnt\u00e4gliche Gast. Mit einer \u00e4hnlich starken Leistung wie in Erkenschwick k\u00f6nnen die Zweckeler sicherlich mehr als Paroli bieten und wollen unbedingt etwas Z\u00e4hlbares mitnehmen. Das bedeutet allerdings, dass jeder Spieler auf dem Platz von der ersten bis zur letzten Minute alles geben und bis zum Umfallen k\u00e4mpfen muss.<br \/>\nDeniz Yesil und Dennis Yilmaz fehlen wieder bzw. immer noch und auch hinter dem Einsatz von Jonas Schmidt steht mehr als ein Fragezeichen.<\/p>\n<p><strong>Adresse und Anfahrt<\/strong><br \/>\n<a href=\"http:\/\/www.sus-stadtlohn.de\/core\/cms\/front_content.php\">SuS Stadtlohn<\/a>, Uferstr. 35, 48703 Stadtlohn<br \/>\n\u00dcber die A 31 bis zur Abfahrt Gescher\/Coesfeld, dort auf die B525 in Richtung Gescher\/Stadtlohn. Nach zwei Kilometern im Kreisverkehr rechts Richtung Stadtlohn, geradeaus durch den ersten Kreisverkehr hinter dem Ortseingangsschild, nach ca. 1 kkm an der Westfalen-Tankstelle dem Stra\u00dfenverlauf, n\u00e4chster Kreisverkehr wieder &#8222;geradeaus&#8220;, im dann folgenden die erste Ausfahrt (&#8222;rechts ab&#8220;) in Richtung Hallen-\/Freibad, hinter der Br\u00fccke rechts in die Uferstra\u00dfe<\/p>\n","protected":false},"excerpt":{"rendered":"<p>Nach nunmehr drei Wochen ohne Meisterschaftsspiel ist die Oberligamannschaft wieder im Rennen. Dabei m\u00fcssen die Schwarz-Gr\u00fcnen einaml nicht gen Osten zum Ausw\u00e4rtsspiel fahren. Es geht diesmal nach Norden in den H\u00fclsta-Sportpark nach Stadtlohn. Der gastgebende Verein ist mit mehr als 3500 Mitgliedern der gr\u00f6\u00dfte Sportverein in Stadtlohn. Die Mannschaft ist in dieser Saison in die [&hellip;]<\/p>\n","protected":false},"author":3,"featured_media":1580,"comment_status":"open","ping_status":"open","sticky":false,"template":"","format":"standard","meta":{"_jetpack_memberships_contains_paid_content":false,"footnotes":"","jetpack_publicize_message":"","jetpack_publicize_feature_enabled":true,"jetpack_social_post_already_shared":false,"jetpack_social_options":{"image_generator_settings":{"template":"highway","default_image_id":0,"font":"","enabled":false},"version":2}},"categories":[1],"tags":[],"class_list":["post-1577","post","type-post","status-publish","format-standard","has-post-thumbnail","hentry","category-uncategorized"],"jetpack_publicize_connections":[],"jetpack_featured_media_url":"https:\/\/i0.wp.com\/www.svzweckel.de\/wp-content\/uploads\/2014\/11\/07092014_140238.jpg?fit=800%2C600&ssl=1","jetpack_sharing_enabled":true,"_links":{"self":[{"href":"https:\/\/www.svzweckel.de\/index.php?rest_route=\/wp\/v2\/posts\/1577","targetHints":{"allow":["GET"]}}],"collection":[{"href":"https:\/\/www.svzweckel.de\/index.php?rest_route=\/wp\/v2\/posts"}],"about":[{"href":"https:\/\/www.svzweckel.de\/index.php?rest_route=\/wp\/v2\/types\/post"}],"author":[{"embeddable":true,"href":"https:\/\/www.svzweckel.de\/index.php?rest_route=\/wp\/v2\/users\/3"}],"replies":[{"embeddable":true,"href":"https:\/\/www.svzweckel.de\/index.php?rest_route=%2Fwp%2Fv2%2Fcomments&post=1577"}],"version-history":[{"count":0,"href":"https:\/\/www.svzweckel.de\/index.php?rest_route=\/wp\/v2\/posts\/1577\/revisions"}],"wp:featuredmedia":[{"embeddable":true,"href":"https:\/\/www.svzweckel.de\/index.php?rest_route=\/wp\/v2\/media\/1580"}],"wp:attachment":[{"href":"https:\/\/www.svzweckel.de\/index.php?rest_route=%2Fwp%2Fv2%2Fmedia&parent=1577"}],"wp:term":[{"taxonomy":"category","embeddable":true,"href":"https:\/\/www.svzweckel.de\/index.php?rest_route=%2Fwp%2Fv2%2Fcategories&post=1577"},{"taxonomy":"post_tag","embeddable":true,"href":"https:\/\/www.svzweckel.de\/index.php?rest_route=%2Fwp%2Fv2%2Ftags&post=1577"}],"curies":[{"name":"wp","href":"https:\/\/api.w.org\/{rel}","templated":true}]}}