{"id":15785,"date":"2023-05-25T14:50:55","date_gmt":"2023-05-25T12:50:55","guid":{"rendered":"https:\/\/www.svzweckel.de\/?p=15785"},"modified":"2023-05-25T14:50:56","modified_gmt":"2023-05-25T12:50:56","slug":"mitfahrgelegenheit-im-bus","status":"publish","type":"post","link":"https:\/\/www.svzweckel.de\/?p=15785","title":{"rendered":"Mitfahrgelegenheit im Bus"},"content":{"rendered":"\n<p>Die 1. Mannschaft des SV Zweckel f\u00e4hrt am Pfingstmontag mit einem Bus zum wichtigen Ausw\u00e4rtsspiel nach Wattenscheid. Neben der Mannschaft, Trainern und Betreuern sind noch einige Pl\u00e4tze frei.<\/p>\n\n\n\n<p>Gegen eine Kostenbeteiligung von 10 ,- Euro\/Person bietet der Verein die Gelegenheit, dass Mitglieder und Fans die Mannschaft begleiten. <\/p>\n\n\n\n<p>Im Vereinsheim ist eine Liste ausgelegt, in welche sich Interessierte eintragen k\u00f6nnen.  <\/p>\n\n\n\n<p>Der Bus wird am Pfingstmontag gegen 12:40 Uhr an der Dorstener Stra\u00dfe abfahren. <\/p>\n\n\n\n<p><\/p>\n","protected":false},"excerpt":{"rendered":"<p>Die 1. Mannschaft des SV Zweckel f\u00e4hrt am Pfingstmontag mit einem Bus zum wichtigen Ausw\u00e4rtsspiel nach Wattenscheid. Neben der Mannschaft, Trainern und Betreuern sind noch einige Pl\u00e4tze frei. Gegen eine Kostenbeteiligung von 10 ,- Euro\/Person bietet der Verein die Gelegenheit, dass Mitglieder und Fans die Mannschaft begleiten. Im Vereinsheim ist eine Liste ausgelegt, in welche [&hellip;]<\/p>\n","protected":false},"author":3,"featured_media":15786,"comment_status":"open","ping_status":"closed","sticky":false,"template":"","format":"standard","meta":{"_jetpack_memberships_contains_paid_content":false,"footnotes":"","jetpack_publicize_message":"","jetpack_publicize_feature_enabled":true,"jetpack_social_post_already_shared":false,"jetpack_social_options":{"image_generator_settings":{"template":"highway","default_image_id":0,"font":"","enabled":false},"version":2}},"categories":[2],"tags":[],"class_list":["post-15785","post","type-post","status-publish","format-standard","has-post-thumbnail","hentry","category-1-mannschaft"],"jetpack_publicize_connections":[],"jetpack_featured_media_url":"https:\/\/i0.wp.com\/www.svzweckel.de\/wp-content\/uploads\/2023\/05\/DSC00017.jpg?fit=800%2C533&ssl=1","jetpack_sharing_enabled":true,"_links":{"self":[{"href":"https:\/\/www.svzweckel.de\/index.php?rest_route=\/wp\/v2\/posts\/15785","targetHints":{"allow":["GET"]}}],"collection":[{"href":"https:\/\/www.svzweckel.de\/index.php?rest_route=\/wp\/v2\/posts"}],"about":[{"href":"https:\/\/www.svzweckel.de\/index.php?rest_route=\/wp\/v2\/types\/post"}],"author":[{"embeddable":true,"href":"https:\/\/www.svzweckel.de\/index.php?rest_route=\/wp\/v2\/users\/3"}],"replies":[{"embeddable":true,"href":"https:\/\/www.svzweckel.de\/index.php?rest_route=%2Fwp%2Fv2%2Fcomments&post=15785"}],"version-history":[{"count":0,"href":"https:\/\/www.svzweckel.de\/index.php?rest_route=\/wp\/v2\/posts\/15785\/revisions"}],"wp:featuredmedia":[{"embeddable":true,"href":"https:\/\/www.svzweckel.de\/index.php?rest_route=\/wp\/v2\/media\/15786"}],"wp:attachment":[{"href":"https:\/\/www.svzweckel.de\/index.php?rest_route=%2Fwp%2Fv2%2Fmedia&parent=15785"}],"wp:term":[{"taxonomy":"category","embeddable":true,"href":"https:\/\/www.svzweckel.de\/index.php?rest_route=%2Fwp%2Fv2%2Fcategories&post=15785"},{"taxonomy":"post_tag","embeddable":true,"href":"https:\/\/www.svzweckel.de\/index.php?rest_route=%2Fwp%2Fv2%2Ftags&post=15785"}],"curies":[{"name":"wp","href":"https:\/\/api.w.org\/{rel}","templated":true}]}}