{"id":15800,"date":"2023-05-30T12:56:34","date_gmt":"2023-05-30T10:56:34","guid":{"rendered":"https:\/\/www.svzweckel.de\/?p=15800"},"modified":"2023-05-30T12:56:35","modified_gmt":"2023-05-30T10:56:35","slug":"bezirksliga-gehalten","status":"publish","type":"post","link":"https:\/\/www.svzweckel.de\/?p=15800","title":{"rendered":"Bezirksliga gehalten"},"content":{"rendered":"\n<p>DJK Wattenscheid &#8211; SV Zweckel 3:1 (1:1)<\/p>\n\n\n\n<p>Trotz Niederlage sind die Zweckeler in der Bezirksliga geblieben, denn der FC Marl hat beim Konkurrenten Genclikspor Recklinghausen mit 2:3 gewonnen und den Schwarz-Gr\u00fcnen damit zum Verbleib in der Liga verholfen. <\/p>\n\n\n\n<p>Leider haben die Zweckeler es nicht hinbekommen dem VfB Kirchhellen zu helfen, denn mit einem Sieg in Wattenscheid w\u00e4ren auch die Kirchhellener in der Bezirksliga geblieben. Somit muss der VfB jetzt den Gang in die Kreisliga antreten, da der SVZ kene Sch\u00fctzenhilfe geleistet hat. <\/p>\n\n\n\n<p>Auf der anderen Seite haben es die Wattenscheider dem R\u00fcckzug von FSM Gladbeck zu verdanken, dass sie \u00fcberhaupt in die Lage versetzt wurden, um den Nichtabstieg zu spielen. Wenn FSM Gladbeck den R\u00fcckzug erst ab dem 01.05. vollzogen h\u00e4tte, w\u00e4ren Zweckel und Kirchhellen schon vor dem letzten Spiel gesichert gewesen. <\/p>\n\n\n\n<p>Die Partie in Wattenscheid begann mit 9min\u00fctiger Versp\u00e4tung, da die Tornetze noch festgemacht werden mussten und die Gastgeber noch verdiente Mitarbeiter auf dem Platz auszeichneten.<\/p>\n\n\n\n<p>Schiedsrichter Patrick Hoffmann lie\u00df Wattenscheid gew\u00e4hren und war auch w\u00e4hrend vieler Aktionen kein ausgewiesener Ausw\u00e4rtsschiedsrichter. Bereits nach f\u00fcnf Minunte versagte er den Zweckelern einen klaren Elfmeter, als Armand Lalo Penka Kouesso klar getroffen wurd. <\/p>\n\n\n\n<p>Auf der anderen Seite pfiff er allerdings einen Elfmeter f\u00fcr die Platzherren, den die meisten Zuschauer nur als Witz bezeichnen k\u00f6nnen. Jonas Gerfen hatte im Strafraum beid H\u00e4nde angelegt und bekam aus k\u00fcrzester Distanz der Ball an die Rippen, woraufhin der Unparteiische auf Elfmeter entschied.<\/p>\n\n\n\n<p>Dadurch gingen die Gastgeber, die in der ersten Halbzeit lediglich zwei Torchancen besa\u00dfen, mit 1:0 in F\u00fchrung. Auf der anderen Seite zielten die Zweckeler mehrfach ungenau und trafen leider das Tor nicht. <\/p>\n\n\n\n<p>In der 45. Minute machte es Jan Schwers dann aber richtig gut, erk\u00e4mpfte sich den Ball im gegnerischen Sechzehner, umkurvte den Torwart und schob unter Jubel der vielen mitgereisten Fans den Ball zum Ausgleich in die Wattenscheider Maschen. Nur eine Minute sp\u00e4ter verpasste er jedoch den Zeitpunkt des Torschusses, sonst w\u00e4re vor der Halbzeit m\u00f6glicherweise schon das 1:2 gefallen.<\/p>\n\n\n\n<p>In der Halbzeitpause konnten die Zweckeler leider nicht in die Umkleidkabine, denn der Wattenscheider Mann mit dem Kabinenschl\u00fcssel war nicht auffindbar. Deshalb musste Trainer G\u00fcnter Appelt die Pause im Schatten von B\u00e4umen neben dem Platz abhalten. Aus diesem Grund hatten die Zweckeler auch keinen Zugriff auf anderes Schuhwerk und s\u00e4mtliche Getr\u00e4nke, die in der Kabine eingeschlossen waren.<\/p>\n\n\n\n<p>Nach dem Seitenwechsel  wurde das Spiel hektischer und die Wattenscheider versuchten es immer wieder mit langen B\u00e4llen. Nach einem Foulspiel an einem Zweckeler Spieler lie\u00df der Schiedsrichter mal wieder zugunsten der Wattenscheider weiterlaufen und beim anschlie\u00dfenden Diagonalball nutzte ein Wattenscheider Spieler ein Missverst\u00e4ndnis zwischen Jonas Gerfen und Leon Hawlitzky zur 2:1-F\u00fchrung. Danach waren die Zweckeler nicht mehr in der Lage, den notwendigen Druck zum erneuten Ausgleich aufzubauen und kassierten in der 78. Minute noch das 3:1. <\/p>\n\n\n\n<p>Per Lautsprecherdurchsage wurde das Ergebnis aus der Partie Genclikspor gegen Marl durchgegeben und allen Beteiligten war klar, dass mit dem Ergebnis beide Mannschaften den Verbleib in der Bezirksliga buchen konnten. <\/p>\n\n\n\n<p>Dem SV Zweckel tut es leid, dass er dem VfB Kirchhellen keine Hilfestellung geben konnte. <\/p>\n\n\n\n<p>Mit diesem Ergebnis profitiert zumindest Wattenscheid davon, dass FSM sich vor f\u00fcnf Wochen aus dem Meisterschaftsbetrieb zur\u00fcckgezogen hat und dadurch drei Punkte auf Zweckel und Kirchhellen gutgemacht hat. Sowohl Wattenscheid als auch Genclikspor hatten ein Spiel gegen FSM verloren, welches jedoch durch den R\u00fcckzug der Gladbecker gestirchen wurde.<\/p>\n\n\n\n<p>Au\u00dferdem wurde den Kirchhellenern jetzt das Torverh\u00e4ltnis zum Verh\u00e4ngnis, denn im Gegensatz zu Genclikspor und Wattenscheid sind sie bei Vestia Disteln angetreten und haben eine 11:0-Niederlage zu verzeichnen gehabt. <\/p>\n\n\n\n<p>Der SV Zweckel darf im Jubil\u00e4umsjahr abermals in der Bezirksliga antreten und befindet sich aktuell in den Planungen f\u00fcr die neue Saison. <\/p>\n\n\n\n<p><\/p>\n","protected":false},"excerpt":{"rendered":"<p>DJK Wattenscheid &#8211; SV Zweckel 3:1 (1:1) Trotz Niederlage sind die Zweckeler in der Bezirksliga geblieben, denn der FC Marl hat beim Konkurrenten Genclikspor Recklinghausen mit 2:3 gewonnen und den Schwarz-Gr\u00fcnen damit zum Verbleib in der Liga verholfen. Leider haben die Zweckeler es nicht hinbekommen dem VfB Kirchhellen zu helfen, denn mit einem Sieg in [&hellip;]<\/p>\n","protected":false},"author":3,"featured_media":15801,"comment_status":"open","ping_status":"closed","sticky":false,"template":"","format":"standard","meta":{"_jetpack_memberships_contains_paid_content":false,"footnotes":"","jetpack_publicize_message":"","jetpack_publicize_feature_enabled":true,"jetpack_social_post_already_shared":false,"jetpack_social_options":{"image_generator_settings":{"template":"highway","default_image_id":0,"font":"","enabled":false},"version":2}},"categories":[3],"tags":[],"class_list":["post-15800","post","type-post","status-publish","format-standard","has-post-thumbnail","hentry","category-allgemein"],"jetpack_publicize_connections":[],"jetpack_featured_media_url":"https:\/\/i0.wp.com\/www.svzweckel.de\/wp-content\/uploads\/2023\/05\/DSC00041.jpg?fit=800%2C533&ssl=1","jetpack_sharing_enabled":true,"_links":{"self":[{"href":"https:\/\/www.svzweckel.de\/index.php?rest_route=\/wp\/v2\/posts\/15800","targetHints":{"allow":["GET"]}}],"collection":[{"href":"https:\/\/www.svzweckel.de\/index.php?rest_route=\/wp\/v2\/posts"}],"about":[{"href":"https:\/\/www.svzweckel.de\/index.php?rest_route=\/wp\/v2\/types\/post"}],"author":[{"embeddable":true,"href":"https:\/\/www.svzweckel.de\/index.php?rest_route=\/wp\/v2\/users\/3"}],"replies":[{"embeddable":true,"href":"https:\/\/www.svzweckel.de\/index.php?rest_route=%2Fwp%2Fv2%2Fcomments&post=15800"}],"version-history":[{"count":0,"href":"https:\/\/www.svzweckel.de\/index.php?rest_route=\/wp\/v2\/posts\/15800\/revisions"}],"wp:featuredmedia":[{"embeddable":true,"href":"https:\/\/www.svzweckel.de\/index.php?rest_route=\/wp\/v2\/media\/15801"}],"wp:attachment":[{"href":"https:\/\/www.svzweckel.de\/index.php?rest_route=%2Fwp%2Fv2%2Fmedia&parent=15800"}],"wp:term":[{"taxonomy":"category","embeddable":true,"href":"https:\/\/www.svzweckel.de\/index.php?rest_route=%2Fwp%2Fv2%2Fcategories&post=15800"},{"taxonomy":"post_tag","embeddable":true,"href":"https:\/\/www.svzweckel.de\/index.php?rest_route=%2Fwp%2Fv2%2Ftags&post=15800"}],"curies":[{"name":"wp","href":"https:\/\/api.w.org\/{rel}","templated":true}]}}