{"id":1582,"date":"2014-11-26T15:38:34","date_gmt":"2014-11-26T15:38:34","guid":{"rendered":"http:\/\/www.svzweckel.de\/?p=1582"},"modified":"2014-11-30T18:45:01","modified_gmt":"2014-11-30T18:45:01","slug":"den-lauf-fortsetzen","status":"publish","type":"post","link":"https:\/\/www.svzweckel.de\/?p=1582","title":{"rendered":"Den Lauf fortsetzen"},"content":{"rendered":"<p>will die Reserve des SV Zweckel in ihrem Heimspiel gegen den SC Hassel II. In den letzten 4 Spielen holte die Mannschaft von S\u00f6ren Sch\u00fcrer und Boris Crevatin 10 von 12 Punkten und kletterte in der Tabelle unaufh\u00f6hrlich nach oben. Am letzten Spieltag siegte die Truppe auf dem Kunstrasenplatz am Nordpark bei der SG Preu\u00dfen Gladbeck mit 1:3. Mit einer \u00e4hnlichen Effektivit\u00e4t und einem Sieg k\u00f6nnten die Zweite den Anschluss an das obere Tabellendrittel halten. Da der SVZ immer noch ein Spiel im R\u00fcckstand ist, sind noch bessere Platzierungen als der derzeitige siebte Platz denkbar.<\/p>\n","protected":false},"excerpt":{"rendered":"<p>will die Reserve des SV Zweckel in ihrem Heimspiel gegen den SC Hassel II. In den letzten 4 Spielen holte die Mannschaft von S\u00f6ren Sch\u00fcrer und Boris Crevatin 10 von 12 Punkten und kletterte in der Tabelle unaufh\u00f6hrlich nach oben. Am letzten Spieltag siegte die Truppe auf dem Kunstrasenplatz am Nordpark bei der SG Preu\u00dfen [&hellip;]<\/p>\n","protected":false},"author":3,"featured_media":1583,"comment_status":"open","ping_status":"open","sticky":false,"template":"","format":"standard","meta":{"_jetpack_memberships_contains_paid_content":false,"footnotes":"","jetpack_publicize_message":"","jetpack_publicize_feature_enabled":true,"jetpack_social_post_already_shared":false,"jetpack_social_options":{"image_generator_settings":{"template":"highway","default_image_id":0,"font":"","enabled":false},"version":2}},"categories":[20],"tags":[],"class_list":["post-1582","post","type-post","status-publish","format-standard","has-post-thumbnail","hentry","category-2-mannschaft"],"jetpack_publicize_connections":[],"jetpack_featured_media_url":"https:\/\/i0.wp.com\/www.svzweckel.de\/wp-content\/uploads\/2014\/11\/K%C3%A4fig_Reserve.jpg?fit=800%2C451&ssl=1","jetpack_sharing_enabled":true,"_links":{"self":[{"href":"https:\/\/www.svzweckel.de\/index.php?rest_route=\/wp\/v2\/posts\/1582","targetHints":{"allow":["GET"]}}],"collection":[{"href":"https:\/\/www.svzweckel.de\/index.php?rest_route=\/wp\/v2\/posts"}],"about":[{"href":"https:\/\/www.svzweckel.de\/index.php?rest_route=\/wp\/v2\/types\/post"}],"author":[{"embeddable":true,"href":"https:\/\/www.svzweckel.de\/index.php?rest_route=\/wp\/v2\/users\/3"}],"replies":[{"embeddable":true,"href":"https:\/\/www.svzweckel.de\/index.php?rest_route=%2Fwp%2Fv2%2Fcomments&post=1582"}],"version-history":[{"count":0,"href":"https:\/\/www.svzweckel.de\/index.php?rest_route=\/wp\/v2\/posts\/1582\/revisions"}],"wp:featuredmedia":[{"embeddable":true,"href":"https:\/\/www.svzweckel.de\/index.php?rest_route=\/wp\/v2\/media\/1583"}],"wp:attachment":[{"href":"https:\/\/www.svzweckel.de\/index.php?rest_route=%2Fwp%2Fv2%2Fmedia&parent=1582"}],"wp:term":[{"taxonomy":"category","embeddable":true,"href":"https:\/\/www.svzweckel.de\/index.php?rest_route=%2Fwp%2Fv2%2Fcategories&post=1582"},{"taxonomy":"post_tag","embeddable":true,"href":"https:\/\/www.svzweckel.de\/index.php?rest_route=%2Fwp%2Fv2%2Ftags&post=1582"}],"curies":[{"name":"wp","href":"https:\/\/api.w.org\/{rel}","templated":true}]}}