{"id":15835,"date":"2023-06-21T11:14:51","date_gmt":"2023-06-21T09:14:51","guid":{"rendered":"https:\/\/www.svzweckel.de\/?p=15835"},"modified":"2023-06-21T11:19:25","modified_gmt":"2023-06-21T09:19:25","slug":"staffeleinteilung-voraussichtlich-am-07-07-23-oeffentlich","status":"publish","type":"post","link":"https:\/\/www.svzweckel.de\/?p=15835","title":{"rendered":"Staffeleinteilung voraussichtlich am 07.07.23 \u00f6ffentlich"},"content":{"rendered":"\n<p>Der Verbands-Fu\u00dfball-Ausschuss (VFA) wird die Staffeleinteilung der \u00fcberkreislichen Spielklassen f\u00fcr die Saison 2023\/2024 am 04.07.2023 vornehmen und diese voraussichtlich am 07.07.2023 gegen Mittag auf der Verbandshomepage unter www.flvw.de ver\u00f6ffentlichen.<\/p>\n\n\n\n<p>Der VFA weist an dieser Stelle explizit darauf hin, dass alle Informationen die im Vorfeld der o. g. Staffeleinteilung seitens der Vereine und Medien ver\u00f6ffentlicht werden, reine Spekulationen sind. Auch s\u00e4mtliche W\u00fcnsche auf Ein- bzw. Umgruppierung werden erst am 04.07.2023 in Augenschein genommen und \u00fcberpr\u00fcft.<\/p>\n","protected":false},"excerpt":{"rendered":"<p>Der Verbands-Fu\u00dfball-Ausschuss (VFA) wird die Staffeleinteilung der \u00fcberkreislichen Spielklassen f\u00fcr die Saison 2023\/2024 am 04.07.2023 vornehmen und diese voraussichtlich am 07.07.2023 gegen Mittag auf der Verbandshomepage unter www.flvw.de ver\u00f6ffentlichen. Der VFA weist an dieser Stelle explizit darauf hin, dass alle Informationen die im Vorfeld der o. g. Staffeleinteilung seitens der Vereine und Medien ver\u00f6ffentlicht werden, [&hellip;]<\/p>\n","protected":false},"author":3,"featured_media":12628,"comment_status":"open","ping_status":"closed","sticky":false,"template":"","format":"standard","meta":{"_jetpack_memberships_contains_paid_content":false,"footnotes":"","jetpack_publicize_message":"","jetpack_publicize_feature_enabled":true,"jetpack_social_post_already_shared":false,"jetpack_social_options":{"image_generator_settings":{"template":"highway","default_image_id":0,"font":"","enabled":false},"version":2}},"categories":[2],"tags":[],"class_list":["post-15835","post","type-post","status-publish","format-standard","has-post-thumbnail","hentry","category-1-mannschaft"],"jetpack_publicize_connections":[],"jetpack_featured_media_url":"https:\/\/i0.wp.com\/www.svzweckel.de\/wp-content\/uploads\/2019\/10\/csm_Feature_FLVW_Bande_464f77fd88.jpg?fit=800%2C451&ssl=1","jetpack_sharing_enabled":true,"_links":{"self":[{"href":"https:\/\/www.svzweckel.de\/index.php?rest_route=\/wp\/v2\/posts\/15835","targetHints":{"allow":["GET"]}}],"collection":[{"href":"https:\/\/www.svzweckel.de\/index.php?rest_route=\/wp\/v2\/posts"}],"about":[{"href":"https:\/\/www.svzweckel.de\/index.php?rest_route=\/wp\/v2\/types\/post"}],"author":[{"embeddable":true,"href":"https:\/\/www.svzweckel.de\/index.php?rest_route=\/wp\/v2\/users\/3"}],"replies":[{"embeddable":true,"href":"https:\/\/www.svzweckel.de\/index.php?rest_route=%2Fwp%2Fv2%2Fcomments&post=15835"}],"version-history":[{"count":0,"href":"https:\/\/www.svzweckel.de\/index.php?rest_route=\/wp\/v2\/posts\/15835\/revisions"}],"wp:featuredmedia":[{"embeddable":true,"href":"https:\/\/www.svzweckel.de\/index.php?rest_route=\/wp\/v2\/media\/12628"}],"wp:attachment":[{"href":"https:\/\/www.svzweckel.de\/index.php?rest_route=%2Fwp%2Fv2%2Fmedia&parent=15835"}],"wp:term":[{"taxonomy":"category","embeddable":true,"href":"https:\/\/www.svzweckel.de\/index.php?rest_route=%2Fwp%2Fv2%2Fcategories&post=15835"},{"taxonomy":"post_tag","embeddable":true,"href":"https:\/\/www.svzweckel.de\/index.php?rest_route=%2Fwp%2Fv2%2Ftags&post=15835"}],"curies":[{"name":"wp","href":"https:\/\/api.w.org\/{rel}","templated":true}]}}