{"id":15848,"date":"2023-07-04T07:51:11","date_gmt":"2023-07-04T05:51:11","guid":{"rendered":"https:\/\/www.svzweckel.de\/?p=15848"},"modified":"2023-07-04T07:59:03","modified_gmt":"2023-07-04T05:59:03","slug":"saisoneroeffnung-und-vorbereitung-der-ersten","status":"publish","type":"post","link":"https:\/\/www.svzweckel.de\/?p=15848","title":{"rendered":"Saisoner\u00f6ffnung und -vorbereitung der Ersten"},"content":{"rendered":"\n<p>Am Donnerstag, 06. Juli 2023, bittet Trainer G\u00fcnter Appelt erstmals zum Training der 1. Mannschaft des SV Zweckel. Die Zweckeler werden in der Vorbereitung ein hartes Programm absolvieren, um gut in die n\u00e4chste Bezirksligasaison zu starten.<\/p>\n\n\n\n<p>Auf Grund der sp\u00e4ter angesetzten Platzrenovierung an der Dorstener Stra\u00dfe, werden bis zum 30. Juli keine Vorbereitungsspiele auf dem Rasan m\u00f6glich sein, so dass die Zweckeler fast ausschlie\u00dflich auf fremden Pl\u00e4tzen antreten m\u00fcssen. <\/p>\n\n\n\n<p>Bereits zwei Tage sp\u00e4ter bestreiten die Schwarz-Gr\u00fcnen ihr erstes Vorbereitungsspiel beim frischgebackenen neuen Oberligisten DJK Adler Union Frintrop.<\/p>\n\n\n\n<p>08.07.23, 13:00 Uhr: DJK Adler Union Frintrop &#8211; SV Zweckel<br>Kunstrasenplatz, Wasserturm, Frintroper Stra\u00dfe 306 a, 45359 Essen<\/p>\n\n\n\n<p>11.07.23, 19:30 Uhr: VfB Bottrop &#8211; SV Zweckel<br>Rasenplatz, Jahnstadion, Hans-B\u00f6ckler-Stra\u00dfe 50, 46236 Bottrop<\/p>\n\n\n\n<p>13,07.23, 19:30 Uhr: SG Welper &#8211; SV Zweckel<br>Kunstrasenplatz, Marxstra\u00dfe 99, 45527 Hattingen<\/p>\n\n\n\n<p>16.07.23, 15:30 Uhr: SV H\u00f6sel &#8211; SV Zweckel<br>Kunstrasenplatz, Sportplatz H\u00f6sel, Neuhaus, 40883 Ratingen<\/p>\n\n\n\n<p>23.07.23, 15:00 Uhr: TuS Haltern II &#8211; SV Zweckel<br>Kunstrasenplatz, Reifen Stiebling Jugendarena, Lippsieker, 45721 Haltern<\/p>\n\n\n\n<p>Der aktuelle <a href=\"https:\/\/www.svzweckel.de\/?page_id=10433\">Vereinsspielplan<\/a> mit allen Jugend- und Seniorenspielen kann kann unter dem gleichnamigen Men\u00fc auf der Homepage eingesehen werden. Gegebenenfalls muss nur das Datum angepasst werden<\/p>\n","protected":false},"excerpt":{"rendered":"<p>Am Donnerstag, 06. Juli 2023, bittet Trainer G\u00fcnter Appelt erstmals zum Training der 1. Mannschaft des SV Zweckel. Die Zweckeler werden in der Vorbereitung ein hartes Programm absolvieren, um gut in die n\u00e4chste Bezirksligasaison zu starten. Auf Grund der sp\u00e4ter angesetzten Platzrenovierung an der Dorstener Stra\u00dfe, werden bis zum 30. Juli keine Vorbereitungsspiele auf dem [&hellip;]<\/p>\n","protected":false},"author":3,"featured_media":15850,"comment_status":"open","ping_status":"closed","sticky":false,"template":"","format":"standard","meta":{"_jetpack_memberships_contains_paid_content":false,"footnotes":"","jetpack_publicize_message":"","jetpack_publicize_feature_enabled":true,"jetpack_social_post_already_shared":false,"jetpack_social_options":{"image_generator_settings":{"template":"highway","default_image_id":0,"font":"","enabled":false},"version":2}},"categories":[2],"tags":[],"class_list":["post-15848","post","type-post","status-publish","format-standard","has-post-thumbnail","hentry","category-1-mannschaft"],"jetpack_publicize_connections":[],"jetpack_featured_media_url":"https:\/\/i0.wp.com\/www.svzweckel.de\/wp-content\/uploads\/2023\/07\/P7108247.jpg?fit=800%2C600&ssl=1","jetpack_sharing_enabled":true,"_links":{"self":[{"href":"https:\/\/www.svzweckel.de\/index.php?rest_route=\/wp\/v2\/posts\/15848","targetHints":{"allow":["GET"]}}],"collection":[{"href":"https:\/\/www.svzweckel.de\/index.php?rest_route=\/wp\/v2\/posts"}],"about":[{"href":"https:\/\/www.svzweckel.de\/index.php?rest_route=\/wp\/v2\/types\/post"}],"author":[{"embeddable":true,"href":"https:\/\/www.svzweckel.de\/index.php?rest_route=\/wp\/v2\/users\/3"}],"replies":[{"embeddable":true,"href":"https:\/\/www.svzweckel.de\/index.php?rest_route=%2Fwp%2Fv2%2Fcomments&post=15848"}],"version-history":[{"count":0,"href":"https:\/\/www.svzweckel.de\/index.php?rest_route=\/wp\/v2\/posts\/15848\/revisions"}],"wp:featuredmedia":[{"embeddable":true,"href":"https:\/\/www.svzweckel.de\/index.php?rest_route=\/wp\/v2\/media\/15850"}],"wp:attachment":[{"href":"https:\/\/www.svzweckel.de\/index.php?rest_route=%2Fwp%2Fv2%2Fmedia&parent=15848"}],"wp:term":[{"taxonomy":"category","embeddable":true,"href":"https:\/\/www.svzweckel.de\/index.php?rest_route=%2Fwp%2Fv2%2Fcategories&post=15848"},{"taxonomy":"post_tag","embeddable":true,"href":"https:\/\/www.svzweckel.de\/index.php?rest_route=%2Fwp%2Fv2%2Ftags&post=15848"}],"curies":[{"name":"wp","href":"https:\/\/api.w.org\/{rel}","templated":true}]}}