{"id":15874,"date":"2023-07-06T07:53:13","date_gmt":"2023-07-06T05:53:13","guid":{"rendered":"https:\/\/www.svzweckel.de\/?p=15874"},"modified":"2023-07-06T13:34:24","modified_gmt":"2023-07-06T11:34:24","slug":"trainingsauftakt-der-ersten-4","status":"publish","type":"post","link":"https:\/\/www.svzweckel.de\/?p=15874","title":{"rendered":"Trainingsauftakt der Ersten"},"content":{"rendered":"\n<p>Am Donnerstag, dem 06.07.2023, ab 18:00 Uhr, beginnt die Vorbereitung der neuen 1. Mannschaft des SV Zweckel. Die Schwarz-Gr\u00fcnen haben sich in der Sommerpause personell verst\u00e4rkt und wollen in der neuen Saison mit einem gr\u00f6\u00dferen Kader nicht wieder in Abstiegsgefahr geraten.<\/p>\n\n\n\n<p>Neben Tarek el-Meshai hat die Mannschaft keine Abg\u00e4nge zu verzeichnen, wenngleich Julius Wloch auf Grund seines Studium erst einmal k\u00fcrzer treten muss und der Mannschaft derzeit nicht zur Verf\u00fcgung steht.<\/p>\n\n\n\n<p>Vom Absteiger FSM Gladbeck konnten mit Dario Schierenberg, Tolga Koca, Yasin Karaca und Enes Aldirmaz vier Spieler verpflichtet werden, die allesamt schon einige Jahre beim SV Zweckel gespielt haben.<\/p>\n\n\n\n<p>Au\u00dferdem kehrt Ahmet Cicek nach einen Saison bei SW B\u00fclse wieder an die Dorstener Stra\u00dfe zur\u00fcck. Ebenfalls von B\u00fclse kommt Miguel Quijada Garrido, der leider mindestens bis zur Winterpause mit einem Kreuzbandriss ausf\u00e4llt. <\/p>\n\n\n\n<p>Justin Walendy, der in der Jugend ebenfalls f\u00fcr den SV Zweckel gespielt hat, ist f\u00fcr den Sturm vorgesehen und wechselt von den SF Stuckenbusch an die Dorstener Stra\u00dfe. <\/p>\n\n\n\n<p>Nach l\u00e4ngerer Fu\u00dfballpause wollen Nikolai Czymczik und Matthias Fiebig wieder angreifen und die Vorbereitung nutzen, um fest zum Kader von Trainer G\u00fcnter Appelt und Co-Trainer Timon Reschke zu sto\u00dfen. <\/p>\n\n\n\n<p><p>Mit Klemens Roy Gerling hat sich ein weiterer Defensivspieler den Schwarz-Gr\u00fcnen angeschlossen. In seiner Jugend spielte er f\u00fcr Wattenscheid und den MSV Duisburg in der Junioren-Bundeslaiga und geh\u00f6rte als j\u00fcngerer Seniorspieler dem Kader des damaligen Oberligisten TSV Marl-H\u00fcls an. <\/p><span style=\"font-size: revert; color: initial;\">In der letzten Saison spielte er noch f\u00fcr SW B\u00fclse in der Kreisliga B und f\u00fcr die Essener SG in der Kreisliga A und m\u00f6chte in der neuen Saison noch einmal h\u00f6herklassiger angreifen. <\/span> <\/p>\n","protected":false},"excerpt":{"rendered":"<p>Am Donnerstag, dem 06.07.2023, ab 18:00 Uhr, beginnt die Vorbereitung der neuen 1. Mannschaft des SV Zweckel. Die Schwarz-Gr\u00fcnen haben sich in der Sommerpause personell verst\u00e4rkt und wollen in der neuen Saison mit einem gr\u00f6\u00dferen Kader nicht wieder in Abstiegsgefahr geraten. Neben Tarek el-Meshai hat die Mannschaft keine Abg\u00e4nge zu verzeichnen, wenngleich Julius Wloch auf [&hellip;]<\/p>\n","protected":false},"author":3,"featured_media":15190,"comment_status":"open","ping_status":"closed","sticky":false,"template":"","format":"standard","meta":{"_jetpack_memberships_contains_paid_content":false,"footnotes":"","jetpack_publicize_message":"","jetpack_publicize_feature_enabled":true,"jetpack_social_post_already_shared":false,"jetpack_social_options":{"image_generator_settings":{"template":"highway","default_image_id":0,"font":"","enabled":false},"version":2}},"categories":[2],"tags":[],"class_list":["post-15874","post","type-post","status-publish","format-standard","has-post-thumbnail","hentry","category-1-mannschaft"],"jetpack_publicize_connections":[],"jetpack_featured_media_url":"https:\/\/i0.wp.com\/www.svzweckel.de\/wp-content\/uploads\/2022\/09\/DSC02296.jpg?fit=800%2C533&ssl=1","jetpack_sharing_enabled":true,"_links":{"self":[{"href":"https:\/\/www.svzweckel.de\/index.php?rest_route=\/wp\/v2\/posts\/15874","targetHints":{"allow":["GET"]}}],"collection":[{"href":"https:\/\/www.svzweckel.de\/index.php?rest_route=\/wp\/v2\/posts"}],"about":[{"href":"https:\/\/www.svzweckel.de\/index.php?rest_route=\/wp\/v2\/types\/post"}],"author":[{"embeddable":true,"href":"https:\/\/www.svzweckel.de\/index.php?rest_route=\/wp\/v2\/users\/3"}],"replies":[{"embeddable":true,"href":"https:\/\/www.svzweckel.de\/index.php?rest_route=%2Fwp%2Fv2%2Fcomments&post=15874"}],"version-history":[{"count":0,"href":"https:\/\/www.svzweckel.de\/index.php?rest_route=\/wp\/v2\/posts\/15874\/revisions"}],"wp:featuredmedia":[{"embeddable":true,"href":"https:\/\/www.svzweckel.de\/index.php?rest_route=\/wp\/v2\/media\/15190"}],"wp:attachment":[{"href":"https:\/\/www.svzweckel.de\/index.php?rest_route=%2Fwp%2Fv2%2Fmedia&parent=15874"}],"wp:term":[{"taxonomy":"category","embeddable":true,"href":"https:\/\/www.svzweckel.de\/index.php?rest_route=%2Fwp%2Fv2%2Fcategories&post=15874"},{"taxonomy":"post_tag","embeddable":true,"href":"https:\/\/www.svzweckel.de\/index.php?rest_route=%2Fwp%2Fv2%2Ftags&post=15874"}],"curies":[{"name":"wp","href":"https:\/\/api.w.org\/{rel}","templated":true}]}}