{"id":15889,"date":"2023-07-07T12:37:50","date_gmt":"2023-07-07T10:37:50","guid":{"rendered":"https:\/\/www.svzweckel.de\/?p=15889"},"modified":"2023-07-07T12:37:51","modified_gmt":"2023-07-07T10:37:51","slug":"mannschaften-in-der-bezirksliga-staffel-9","status":"publish","type":"post","link":"https:\/\/www.svzweckel.de\/?p=15889","title":{"rendered":"Mannschaften in der Bezirksliga Staffel 9"},"content":{"rendered":"\n<p>Der Verbands-Fu\u00dfball-Ausschuss (VFA) des Fu\u00dfball- und Leichtathletik-Verbandes Westfalen (FLVW) hat heute die Staffeleinteilung f\u00fcr die \u00fcberkreislich spielenden Frauen- und M\u00e4nnermannschaften ver\u00f6ffentlicht. Der SV Zweckel bleibt erwartungsgem\u00e4\u00df in der Staffel 9.<\/p>\n\n\n\n<figure class=\"wp-block-image size-large\"><img data-recalc-dims=\"1\" loading=\"lazy\" decoding=\"async\" width=\"640\" height=\"421\" src=\"https:\/\/i0.wp.com\/www.svzweckel.de\/wp-content\/uploads\/image.png?resize=640%2C421&#038;ssl=1\" alt=\"\" class=\"wp-image-15890\" srcset=\"https:\/\/i0.wp.com\/www.svzweckel.de\/wp-content\/uploads\/image.png?resize=800%2C526&amp;ssl=1 800w, https:\/\/i0.wp.com\/www.svzweckel.de\/wp-content\/uploads\/image.png?resize=300%2C197&amp;ssl=1 300w, https:\/\/i0.wp.com\/www.svzweckel.de\/wp-content\/uploads\/image.png?resize=150%2C99&amp;ssl=1 150w, https:\/\/i0.wp.com\/www.svzweckel.de\/wp-content\/uploads\/image.png?resize=768%2C505&amp;ssl=1 768w, https:\/\/i0.wp.com\/www.svzweckel.de\/wp-content\/uploads\/image.png?resize=100%2C66&amp;ssl=1 100w, https:\/\/i0.wp.com\/www.svzweckel.de\/wp-content\/uploads\/image.png?resize=50%2C33&amp;ssl=1 50w, https:\/\/i0.wp.com\/www.svzweckel.de\/wp-content\/uploads\/image.png?resize=25%2C16&amp;ssl=1 25w, https:\/\/i0.wp.com\/www.svzweckel.de\/wp-content\/uploads\/image.png?resize=487%2C320&amp;ssl=1 487w, https:\/\/i0.wp.com\/www.svzweckel.de\/wp-content\/uploads\/image.png?resize=160%2C105&amp;ssl=1 160w, https:\/\/i0.wp.com\/www.svzweckel.de\/wp-content\/uploads\/image.png?w=1449&amp;ssl=1 1449w, https:\/\/i0.wp.com\/www.svzweckel.de\/wp-content\/uploads\/image.png?w=1280&amp;ssl=1 1280w\" sizes=\"auto, (max-width: 640px) 100vw, 640px\" \/><\/figure>\n","protected":false},"excerpt":{"rendered":"<p>Der Verbands-Fu\u00dfball-Ausschuss (VFA) des Fu\u00dfball- und Leichtathletik-Verbandes Westfalen (FLVW) hat heute die Staffeleinteilung f\u00fcr die \u00fcberkreislich spielenden Frauen- und M\u00e4nnermannschaften ver\u00f6ffentlicht. Der SV Zweckel bleibt erwartungsgem\u00e4\u00df in der Staffel 9.<\/p>\n","protected":false},"author":3,"featured_media":15726,"comment_status":"open","ping_status":"closed","sticky":false,"template":"","format":"standard","meta":{"_jetpack_memberships_contains_paid_content":false,"footnotes":"","jetpack_publicize_message":"","jetpack_publicize_feature_enabled":true,"jetpack_social_post_already_shared":false,"jetpack_social_options":{"image_generator_settings":{"template":"highway","default_image_id":0,"font":"","enabled":false},"version":2}},"categories":[2],"tags":[],"class_list":["post-15889","post","type-post","status-publish","format-standard","has-post-thumbnail","hentry","category-1-mannschaft"],"jetpack_publicize_connections":[],"jetpack_featured_media_url":"https:\/\/i0.wp.com\/www.svzweckel.de\/wp-content\/uploads\/2023\/05\/wp-16832672501757658824527718619447-scaled.jpg?fit=2560%2C1440&ssl=1","jetpack_sharing_enabled":true,"_links":{"self":[{"href":"https:\/\/www.svzweckel.de\/index.php?rest_route=\/wp\/v2\/posts\/15889","targetHints":{"allow":["GET"]}}],"collection":[{"href":"https:\/\/www.svzweckel.de\/index.php?rest_route=\/wp\/v2\/posts"}],"about":[{"href":"https:\/\/www.svzweckel.de\/index.php?rest_route=\/wp\/v2\/types\/post"}],"author":[{"embeddable":true,"href":"https:\/\/www.svzweckel.de\/index.php?rest_route=\/wp\/v2\/users\/3"}],"replies":[{"embeddable":true,"href":"https:\/\/www.svzweckel.de\/index.php?rest_route=%2Fwp%2Fv2%2Fcomments&post=15889"}],"version-history":[{"count":0,"href":"https:\/\/www.svzweckel.de\/index.php?rest_route=\/wp\/v2\/posts\/15889\/revisions"}],"wp:featuredmedia":[{"embeddable":true,"href":"https:\/\/www.svzweckel.de\/index.php?rest_route=\/wp\/v2\/media\/15726"}],"wp:attachment":[{"href":"https:\/\/www.svzweckel.de\/index.php?rest_route=%2Fwp%2Fv2%2Fmedia&parent=15889"}],"wp:term":[{"taxonomy":"category","embeddable":true,"href":"https:\/\/www.svzweckel.de\/index.php?rest_route=%2Fwp%2Fv2%2Fcategories&post=15889"},{"taxonomy":"post_tag","embeddable":true,"href":"https:\/\/www.svzweckel.de\/index.php?rest_route=%2Fwp%2Fv2%2Ftags&post=15889"}],"curies":[{"name":"wp","href":"https:\/\/api.w.org\/{rel}","templated":true}]}}