{"id":15893,"date":"2023-07-07T13:03:49","date_gmt":"2023-07-07T11:03:49","guid":{"rendered":"https:\/\/www.svzweckel.de\/?p=15893"},"modified":"2023-07-07T13:03:51","modified_gmt":"2023-07-07T11:03:51","slug":"terminkalender-der-senioren","status":"publish","type":"post","link":"https:\/\/www.svzweckel.de\/?p=15893","title":{"rendered":"Terminkalender der Senioren"},"content":{"rendered":"\n<p>In der Bezirksliga 9 sind lediglich 15 Mannschaften eingruppiert worden. Das hat nat\u00fcrlich Auswirkungen auf die Gestaltung der Spielpl\u00e4ne und -zeiten.<\/p>\n\n\n\n<p>Der Rahmenterminkalender des FLVW sieht f\u00fcr 15 bzw. 16 Mannschaften vor, dass der 16. Spieltag am 03.12.2023 gespielt werden sollte. Danach beginnt die Winterpause und erst am 18.02.2024 geht es in der Liga weiter.<\/p>\n\n\n\n<p>Die Hinrunde d\u00fcrfte, vorausgesetzt es fallen keine Spiele aus, bereits am 19. November gespielt sein. Au\u00dferdem d\u00fcrfen sich alle Mannschaften auf einen spielfreien Tag sowohl in der Hin- als auch in der R\u00fcckrunde freuen.<\/p>\n\n\n\n<p><\/p>\n","protected":false},"excerpt":{"rendered":"<p>In der Bezirksliga 9 sind lediglich 15 Mannschaften eingruppiert worden. Das hat nat\u00fcrlich Auswirkungen auf die Gestaltung der Spielpl\u00e4ne und -zeiten. Der Rahmenterminkalender des FLVW sieht f\u00fcr 15 bzw. 16 Mannschaften vor, dass der 16. Spieltag am 03.12.2023 gespielt werden sollte. Danach beginnt die Winterpause und erst am 18.02.2024 geht es in der Liga weiter. [&hellip;]<\/p>\n","protected":false},"author":3,"featured_media":15604,"comment_status":"open","ping_status":"closed","sticky":false,"template":"","format":"standard","meta":{"_jetpack_memberships_contains_paid_content":false,"footnotes":"","jetpack_publicize_message":"","jetpack_publicize_feature_enabled":true,"jetpack_social_post_already_shared":false,"jetpack_social_options":{"image_generator_settings":{"template":"highway","default_image_id":0,"font":"","enabled":false},"version":2}},"categories":[2],"tags":[],"class_list":["post-15893","post","type-post","status-publish","format-standard","has-post-thumbnail","hentry","category-1-mannschaft"],"jetpack_publicize_connections":[],"jetpack_featured_media_url":"https:\/\/i0.wp.com\/www.svzweckel.de\/wp-content\/uploads\/2023\/04\/DSC00004.jpg?fit=800%2C533&ssl=1","jetpack_sharing_enabled":true,"_links":{"self":[{"href":"https:\/\/www.svzweckel.de\/index.php?rest_route=\/wp\/v2\/posts\/15893","targetHints":{"allow":["GET"]}}],"collection":[{"href":"https:\/\/www.svzweckel.de\/index.php?rest_route=\/wp\/v2\/posts"}],"about":[{"href":"https:\/\/www.svzweckel.de\/index.php?rest_route=\/wp\/v2\/types\/post"}],"author":[{"embeddable":true,"href":"https:\/\/www.svzweckel.de\/index.php?rest_route=\/wp\/v2\/users\/3"}],"replies":[{"embeddable":true,"href":"https:\/\/www.svzweckel.de\/index.php?rest_route=%2Fwp%2Fv2%2Fcomments&post=15893"}],"version-history":[{"count":0,"href":"https:\/\/www.svzweckel.de\/index.php?rest_route=\/wp\/v2\/posts\/15893\/revisions"}],"wp:featuredmedia":[{"embeddable":true,"href":"https:\/\/www.svzweckel.de\/index.php?rest_route=\/wp\/v2\/media\/15604"}],"wp:attachment":[{"href":"https:\/\/www.svzweckel.de\/index.php?rest_route=%2Fwp%2Fv2%2Fmedia&parent=15893"}],"wp:term":[{"taxonomy":"category","embeddable":true,"href":"https:\/\/www.svzweckel.de\/index.php?rest_route=%2Fwp%2Fv2%2Fcategories&post=15893"},{"taxonomy":"post_tag","embeddable":true,"href":"https:\/\/www.svzweckel.de\/index.php?rest_route=%2Fwp%2Fv2%2Ftags&post=15893"}],"curies":[{"name":"wp","href":"https:\/\/api.w.org\/{rel}","templated":true}]}}