{"id":15897,"date":"2023-07-09T21:19:12","date_gmt":"2023-07-09T19:19:12","guid":{"rendered":"https:\/\/www.svzweckel.de\/?p=15897"},"modified":"2023-07-09T21:19:16","modified_gmt":"2023-07-09T19:19:16","slug":"auftaktniederlage-in-frintrop","status":"publish","type":"post","link":"https:\/\/www.svzweckel.de\/?p=15897","title":{"rendered":"Auftaktniederlage in Frintrop"},"content":{"rendered":"\n<p>DJK Alder Union Frintrop &#8211; SV Zweckel 7:1 (3:1)<\/p>\n\n\n\n<p>Nach zwei intensiven Laufeinheiten im Wittringer Wald stand schon der erste Test beim Oberligaaufsteiger in Essen an.<\/p>\n\n\n\n<p>Die neu formierte Zweckeler Mannschaft, die gegen einen schon l\u00e4nger in der Vorbereitung befindliches Team antreten musste, konnte fast eine Stunde gut mithalten. Durch einen Abspielfehler gerieten die G\u00e4aste in R\u00fcckstand, der jedoch in der 16. Minute durch die Zweckeler ausgeglichen wurde.<\/p>\n\n\n\n<p>Ein toller Pass in die Tiefe durch Serkan K\u00f6se erreichte Justin Walendy, der das Spielger\u00e4t gekonnt am herauslaufenden Keeper vorbeischob und f\u00fcr den Ausgleich sorgte. Die G\u00e4ste schenkten noch ein Tor durch eine Unaufmerksamkeit her und gerieten bis zum Halbzeitpfiff noch mit 3:1 in R\u00fcckstand.<\/p>\n\n\n\n<p>Nach k\u00fchlen Getr\u00e4nken in der Halbzeitpause, wechselte G\u00fcnter Appelt auf vielen Positionen und gew\u00e4hrte allen Spielern Einsatzzeiten. Dadurch ging der Spielfluss verloren und die Zweckeler mussten dem Wetter und der kurzen Vorbereitungszeit Tribut zollen. Aus diesem Grund fielen in der zweiten H\u00e4lfte noch vier weitere Tore f\u00fcr das von Marcel Corneli\u00dfen trainierte Team. <\/p>\n\n\n\n<p>Auch wenn der Sieg deutlich zu hoch ausfiel, machen die ersten 60 Minuten Hoffnung auf kommende erfolgreichere Spiele. <\/p>\n","protected":false},"excerpt":{"rendered":"<p>DJK Alder Union Frintrop &#8211; SV Zweckel 7:1 (3:1) Nach zwei intensiven Laufeinheiten im Wittringer Wald stand schon der erste Test beim Oberligaaufsteiger in Essen an. Die neu formierte Zweckeler Mannschaft, die gegen einen schon l\u00e4nger in der Vorbereitung befindliches Team antreten musste, konnte fast eine Stunde gut mithalten. Durch einen Abspielfehler gerieten die G\u00e4aste [&hellip;]<\/p>\n","protected":false},"author":3,"featured_media":15898,"comment_status":"open","ping_status":"closed","sticky":false,"template":"","format":"standard","meta":{"_jetpack_memberships_contains_paid_content":false,"footnotes":"","jetpack_publicize_message":"","jetpack_publicize_feature_enabled":true,"jetpack_social_post_already_shared":false,"jetpack_social_options":{"image_generator_settings":{"template":"highway","default_image_id":0,"font":"","enabled":false},"version":2}},"categories":[2],"tags":[],"class_list":["post-15897","post","type-post","status-publish","format-standard","has-post-thumbnail","hentry","category-1-mannschaft"],"jetpack_publicize_connections":[],"jetpack_featured_media_url":"https:\/\/i0.wp.com\/www.svzweckel.de\/wp-content\/uploads\/wp-16889292019117338993663200642833-scaled.jpg?fit=2560%2C1440&ssl=1","jetpack_sharing_enabled":true,"_links":{"self":[{"href":"https:\/\/www.svzweckel.de\/index.php?rest_route=\/wp\/v2\/posts\/15897","targetHints":{"allow":["GET"]}}],"collection":[{"href":"https:\/\/www.svzweckel.de\/index.php?rest_route=\/wp\/v2\/posts"}],"about":[{"href":"https:\/\/www.svzweckel.de\/index.php?rest_route=\/wp\/v2\/types\/post"}],"author":[{"embeddable":true,"href":"https:\/\/www.svzweckel.de\/index.php?rest_route=\/wp\/v2\/users\/3"}],"replies":[{"embeddable":true,"href":"https:\/\/www.svzweckel.de\/index.php?rest_route=%2Fwp%2Fv2%2Fcomments&post=15897"}],"version-history":[{"count":0,"href":"https:\/\/www.svzweckel.de\/index.php?rest_route=\/wp\/v2\/posts\/15897\/revisions"}],"wp:featuredmedia":[{"embeddable":true,"href":"https:\/\/www.svzweckel.de\/index.php?rest_route=\/wp\/v2\/media\/15898"}],"wp:attachment":[{"href":"https:\/\/www.svzweckel.de\/index.php?rest_route=%2Fwp%2Fv2%2Fmedia&parent=15897"}],"wp:term":[{"taxonomy":"category","embeddable":true,"href":"https:\/\/www.svzweckel.de\/index.php?rest_route=%2Fwp%2Fv2%2Fcategories&post=15897"},{"taxonomy":"post_tag","embeddable":true,"href":"https:\/\/www.svzweckel.de\/index.php?rest_route=%2Fwp%2Fv2%2Ftags&post=15897"}],"curies":[{"name":"wp","href":"https:\/\/api.w.org\/{rel}","templated":true}]}}