{"id":1593,"date":"2014-11-30T18:44:04","date_gmt":"2014-11-30T18:44:04","guid":{"rendered":"http:\/\/www.svzweckel.de\/?p=1593"},"modified":"2014-11-30T18:50:00","modified_gmt":"2014-11-30T18:50:00","slug":"die-zweite-marschiert-weiter","status":"publish","type":"post","link":"https:\/\/www.svzweckel.de\/?p=1593","title":{"rendered":"Die Zweite marschiert weiter"},"content":{"rendered":"<p>Die Zweite kommt immer besser in Schwung und hat nun aus den letzten 5 Spielen tolle 13 Punkte geholt. Lohn dieser Anstrengungen ist der 6. Tabellenplatz, der durch das Nachholspiel gegen den Tabellenletzten noch verbessert werden k\u00f6nnte.<br \/>\nS\u00f6ren Sch\u00fcrer und Boris Crevatin konnten ihren arg gebeutelten Kader noch durch Elvis Salja verst\u00e4rken, der aus disziplinaren Gr\u00fcnden zur Reserve abkommandiert wurde. In der ersten Halbzeit fielen keine Tore, der SVZ-Motor lief noch nicht richtig rund. Im zweiten Abschnitt dauerte es nur drei Minuten ehe dem Gast die F\u00fchrung gelang. Nur sechs Minuten sp\u00e4ter konnte Elvis Salja ausgleichen. In der Halbzeit kam Ekrem Kapusuz f\u00fcr Tobias Urbschat und rechtfertigte seine Einwechselung mit dem F\u00fchrungstreffer. In der 68. Minute konnte noch keiner wissen, dass Eko mit dem 4. Saisontreffer den alles entscheidenden Siegtreffer erzielt hatte.<br \/>\nDas war ein wichtiger Arbeitssieg f\u00fcr den SVZ, der damit weiter Kontakt nach oben h\u00e4lt.<\/p>\n","protected":false},"excerpt":{"rendered":"<p>Die Zweite kommt immer besser in Schwung und hat nun aus den letzten 5 Spielen tolle 13 Punkte geholt. Lohn dieser Anstrengungen ist der 6. Tabellenplatz, der durch das Nachholspiel gegen den Tabellenletzten noch verbessert werden k\u00f6nnte. S\u00f6ren Sch\u00fcrer und Boris Crevatin konnten ihren arg gebeutelten Kader noch durch Elvis Salja verst\u00e4rken, der aus disziplinaren [&hellip;]<\/p>\n","protected":false},"author":3,"featured_media":1162,"comment_status":"closed","ping_status":"open","sticky":false,"template":"","format":"standard","meta":{"_jetpack_memberships_contains_paid_content":false,"footnotes":"","jetpack_publicize_message":"","jetpack_publicize_feature_enabled":true,"jetpack_social_post_already_shared":false,"jetpack_social_options":{"image_generator_settings":{"template":"highway","default_image_id":0,"font":"","enabled":false},"version":2}},"categories":[20],"tags":[],"class_list":["post-1593","post","type-post","status-publish","format-standard","has-post-thumbnail","hentry","category-2-mannschaft"],"jetpack_publicize_connections":[],"jetpack_featured_media_url":"https:\/\/i0.wp.com\/www.svzweckel.de\/wp-content\/uploads\/2014\/07\/Ekrem-Kapusucz_Mittelfeld_A-Jugend-554x800-e1417373344523.jpg?fit=554%2C430&ssl=1","jetpack_sharing_enabled":true,"_links":{"self":[{"href":"https:\/\/www.svzweckel.de\/index.php?rest_route=\/wp\/v2\/posts\/1593","targetHints":{"allow":["GET"]}}],"collection":[{"href":"https:\/\/www.svzweckel.de\/index.php?rest_route=\/wp\/v2\/posts"}],"about":[{"href":"https:\/\/www.svzweckel.de\/index.php?rest_route=\/wp\/v2\/types\/post"}],"author":[{"embeddable":true,"href":"https:\/\/www.svzweckel.de\/index.php?rest_route=\/wp\/v2\/users\/3"}],"replies":[{"embeddable":true,"href":"https:\/\/www.svzweckel.de\/index.php?rest_route=%2Fwp%2Fv2%2Fcomments&post=1593"}],"version-history":[{"count":0,"href":"https:\/\/www.svzweckel.de\/index.php?rest_route=\/wp\/v2\/posts\/1593\/revisions"}],"wp:featuredmedia":[{"embeddable":true,"href":"https:\/\/www.svzweckel.de\/index.php?rest_route=\/wp\/v2\/media\/1162"}],"wp:attachment":[{"href":"https:\/\/www.svzweckel.de\/index.php?rest_route=%2Fwp%2Fv2%2Fmedia&parent=1593"}],"wp:term":[{"taxonomy":"category","embeddable":true,"href":"https:\/\/www.svzweckel.de\/index.php?rest_route=%2Fwp%2Fv2%2Fcategories&post=1593"},{"taxonomy":"post_tag","embeddable":true,"href":"https:\/\/www.svzweckel.de\/index.php?rest_route=%2Fwp%2Fv2%2Ftags&post=1593"}],"curies":[{"name":"wp","href":"https:\/\/api.w.org\/{rel}","templated":true}]}}