{"id":15947,"date":"2023-07-26T08:27:28","date_gmt":"2023-07-26T06:27:28","guid":{"rendered":"https:\/\/www.svzweckel.de\/?p=15947"},"modified":"2023-07-26T08:27:30","modified_gmt":"2023-07-26T06:27:30","slug":"gemeinsame-saisoneroeffnung-am-29-juli-2023","status":"publish","type":"post","link":"https:\/\/www.svzweckel.de\/?p=15947","title":{"rendered":"Gemeinsame Saisoner\u00f6ffnung am 29. Juli 2023"},"content":{"rendered":"\n<p>Am kommenden Samstag werden sowohl die Junioren- als auch die Seniorenabteilung des SV Zweckel gemeinsam mit der Darts-Abteilung die Saison er\u00f6ffnen. <\/p>\n\n\n\n<p>Ab 15:00 Uhr wird die Jugendabteilung mit einigen Spiel- und Spa\u00dfaktionen die neue Saison einl\u00e4uten. Die neuen Seniorenteams werden ab 18:00 Uhr ins Geschehen eingreifen und nach einer kurzen Vorstellung ein Teamgame \u00fcber 2 x 20 Minuten absolvieren, in dem Mannschaften (Erste, Zweite und Alte Herren) gemischt werden.<\/p>\n\n\n\n<p>Nat\u00fcrlich sind auch alle Eltern, Mitglieder und Fans eingeladen, an dieser Veranstaltung teilzunehmen. Au\u00dferdem muss der &#8222;neue&#8220; Bierwagen eingeweiht werden.<\/p>\n\n\n\n<p>Die Getr\u00e4nke vom Bierwagen und die Wurst vom Grill werden mit 1,50 \u20ac angeboten.<\/p>\n\n\n\n<p>Die Mitglieder der Seniorenteams und der Dartsabteilung d\u00fcrfen auch einige Freigetr\u00e4nke genie\u00dfen. <\/p>\n","protected":false},"excerpt":{"rendered":"<p>Am kommenden Samstag werden sowohl die Junioren- als auch die Seniorenabteilung des SV Zweckel gemeinsam mit der Darts-Abteilung die Saison er\u00f6ffnen. Ab 15:00 Uhr wird die Jugendabteilung mit einigen Spiel- und Spa\u00dfaktionen die neue Saison einl\u00e4uten. Die neuen Seniorenteams werden ab 18:00 Uhr ins Geschehen eingreifen und nach einer kurzen Vorstellung ein Teamgame \u00fcber 2 [&hellip;]<\/p>\n","protected":false},"author":3,"featured_media":15949,"comment_status":"open","ping_status":"closed","sticky":false,"template":"","format":"standard","meta":{"_jetpack_memberships_contains_paid_content":false,"footnotes":"","jetpack_publicize_message":"","jetpack_publicize_feature_enabled":true,"jetpack_social_post_already_shared":false,"jetpack_social_options":{"image_generator_settings":{"template":"highway","default_image_id":0,"font":"","enabled":false},"version":2}},"categories":[3],"tags":[],"class_list":["post-15947","post","type-post","status-publish","format-standard","has-post-thumbnail","hentry","category-allgemein"],"jetpack_publicize_connections":[],"jetpack_featured_media_url":"https:\/\/i0.wp.com\/www.svzweckel.de\/wp-content\/uploads\/DSC00513.jpg?fit=800%2C533&ssl=1","jetpack_sharing_enabled":true,"_links":{"self":[{"href":"https:\/\/www.svzweckel.de\/index.php?rest_route=\/wp\/v2\/posts\/15947","targetHints":{"allow":["GET"]}}],"collection":[{"href":"https:\/\/www.svzweckel.de\/index.php?rest_route=\/wp\/v2\/posts"}],"about":[{"href":"https:\/\/www.svzweckel.de\/index.php?rest_route=\/wp\/v2\/types\/post"}],"author":[{"embeddable":true,"href":"https:\/\/www.svzweckel.de\/index.php?rest_route=\/wp\/v2\/users\/3"}],"replies":[{"embeddable":true,"href":"https:\/\/www.svzweckel.de\/index.php?rest_route=%2Fwp%2Fv2%2Fcomments&post=15947"}],"version-history":[{"count":0,"href":"https:\/\/www.svzweckel.de\/index.php?rest_route=\/wp\/v2\/posts\/15947\/revisions"}],"wp:featuredmedia":[{"embeddable":true,"href":"https:\/\/www.svzweckel.de\/index.php?rest_route=\/wp\/v2\/media\/15949"}],"wp:attachment":[{"href":"https:\/\/www.svzweckel.de\/index.php?rest_route=%2Fwp%2Fv2%2Fmedia&parent=15947"}],"wp:term":[{"taxonomy":"category","embeddable":true,"href":"https:\/\/www.svzweckel.de\/index.php?rest_route=%2Fwp%2Fv2%2Fcategories&post=15947"},{"taxonomy":"post_tag","embeddable":true,"href":"https:\/\/www.svzweckel.de\/index.php?rest_route=%2Fwp%2Fv2%2Ftags&post=15947"}],"curies":[{"name":"wp","href":"https:\/\/api.w.org\/{rel}","templated":true}]}}