{"id":15955,"date":"2023-08-01T10:34:28","date_gmt":"2023-08-01T08:34:28","guid":{"rendered":"https:\/\/www.svzweckel.de\/?p=15955"},"modified":"2023-08-01T10:34:30","modified_gmt":"2023-08-01T08:34:30","slug":"saisoneroeffnung-der-junioren-und-senioren","status":"publish","type":"post","link":"https:\/\/www.svzweckel.de\/?p=15955","title":{"rendered":"Saisoner\u00f6ffnung der Junioren und Senioren"},"content":{"rendered":"\n<p>Am letzten Samstag fand nach einigen Jahren wieder eine gemeinsame Saisoner\u00f6ffnung der Junioren und Senioren des SV Zweckel auf dem Rasenplatz an der Dorstener Stra\u00dfe statt.<\/p>\n\n\n\n<p>Trotz zwischenzeitlich starkem Regen fanden sich ab 15 Uhr viele fu\u00dfballbegeisterte Jugendliche und Erwachsene ein. <\/p>\n\n\n\n<p>Ab 18 Uhr stellten Timon Reschke und Jakob Pleiss die 1. und 2. Mannschaft des SV Zweckel vor und pr\u00e4sentierten die Neuzug\u00e4nge. Weiterhin wurden die Ziele der Saison bekanntgegeben, welche bei beiden Mannschaften nahezu identisch ist.<\/p>\n\n\n\n<p>Beide Teams wollen nichts mit dem Abstieg zu tun haben und streben einen gesicherten Platz im einstelligen Tabellenbereich an. <\/p>\n\n\n\n<p>Auf Grund der Platz- und Wetterverh\u00e4ltnisse wurde auf ein gemeinsames Spiel der Senioren inklusive der Alten Herren verzichtet und der Nachmittag ging in den gem\u00fctlichen Teil \u00fcber.<\/p>\n","protected":false},"excerpt":{"rendered":"<p>Am letzten Samstag fand nach einigen Jahren wieder eine gemeinsame Saisoner\u00f6ffnung der Junioren und Senioren des SV Zweckel auf dem Rasenplatz an der Dorstener Stra\u00dfe statt. Trotz zwischenzeitlich starkem Regen fanden sich ab 15 Uhr viele fu\u00dfballbegeisterte Jugendliche und Erwachsene ein. Ab 18 Uhr stellten Timon Reschke und Jakob Pleiss die 1. und 2. Mannschaft [&hellip;]<\/p>\n","protected":false},"author":3,"featured_media":15972,"comment_status":"open","ping_status":"closed","sticky":false,"template":"","format":"standard","meta":{"_jetpack_memberships_contains_paid_content":false,"footnotes":"","jetpack_publicize_message":"","jetpack_publicize_feature_enabled":true,"jetpack_social_post_already_shared":false,"jetpack_social_options":{"image_generator_settings":{"template":"highway","default_image_id":0,"font":"","enabled":false},"version":2}},"categories":[3],"tags":[],"class_list":["post-15955","post","type-post","status-publish","format-standard","has-post-thumbnail","hentry","category-allgemein"],"jetpack_publicize_connections":[],"jetpack_featured_media_url":"https:\/\/i0.wp.com\/www.svzweckel.de\/wp-content\/uploads\/23-Saisoneroeffnung.jpg?fit=800%2C533&ssl=1","jetpack_sharing_enabled":true,"_links":{"self":[{"href":"https:\/\/www.svzweckel.de\/index.php?rest_route=\/wp\/v2\/posts\/15955","targetHints":{"allow":["GET"]}}],"collection":[{"href":"https:\/\/www.svzweckel.de\/index.php?rest_route=\/wp\/v2\/posts"}],"about":[{"href":"https:\/\/www.svzweckel.de\/index.php?rest_route=\/wp\/v2\/types\/post"}],"author":[{"embeddable":true,"href":"https:\/\/www.svzweckel.de\/index.php?rest_route=\/wp\/v2\/users\/3"}],"replies":[{"embeddable":true,"href":"https:\/\/www.svzweckel.de\/index.php?rest_route=%2Fwp%2Fv2%2Fcomments&post=15955"}],"version-history":[{"count":0,"href":"https:\/\/www.svzweckel.de\/index.php?rest_route=\/wp\/v2\/posts\/15955\/revisions"}],"wp:featuredmedia":[{"embeddable":true,"href":"https:\/\/www.svzweckel.de\/index.php?rest_route=\/wp\/v2\/media\/15972"}],"wp:attachment":[{"href":"https:\/\/www.svzweckel.de\/index.php?rest_route=%2Fwp%2Fv2%2Fmedia&parent=15955"}],"wp:term":[{"taxonomy":"category","embeddable":true,"href":"https:\/\/www.svzweckel.de\/index.php?rest_route=%2Fwp%2Fv2%2Fcategories&post=15955"},{"taxonomy":"post_tag","embeddable":true,"href":"https:\/\/www.svzweckel.de\/index.php?rest_route=%2Fwp%2Fv2%2Ftags&post=15955"}],"curies":[{"name":"wp","href":"https:\/\/api.w.org\/{rel}","templated":true}]}}