{"id":16008,"date":"2023-08-04T14:52:15","date_gmt":"2023-08-04T12:52:15","guid":{"rendered":"https:\/\/www.svzweckel.de\/?p=16008"},"modified":"2023-08-04T14:52:16","modified_gmt":"2023-08-04T12:52:16","slug":"bittere-niederlage-in-der-1-pokalrunde","status":"publish","type":"post","link":"https:\/\/www.svzweckel.de\/?p=16008","title":{"rendered":"Bittere Niederlage in der 1. Pokalrunde"},"content":{"rendered":"\n<p>SC Hassel &#8211; SV Zweckel 4:2 (2:2)<\/p>\n\n\n\n<p>Der SV Zweckel hat im ersten Pflichtspiel der Saison eine \u00e4rgerliche Niederlage hinnehmen m\u00fcssen. Gegen den Ligakonkurrenten aus Gelsenkirchen nutzten die Gr\u00fcnhemden ihre Chancen nicht und belohnten sich so leider nicht f\u00fcr eine vor allem starke erste Halbzeit. <\/p>\n\n\n\n<p>Bereits nach 4 Minuten gingen die Schwarz-Gr\u00fcnen durch einen sch\u00f6nen Abschluss durch Jan Schwers in F\u00fchrung und blieben auch danach die spielbestimmende Mannschaft. Durch den ersten Standard der Gastgeber fiel der Ausgleich. Die Reaktion der Zweckler dauerte keine drei Minuten. Wiederrum Jan Schwers schloss einen Angriff perfekt hoch in die Lange Ecke ab. Die Heimmannschaft konnten allerdings auch den erneuten R\u00fcckstand kontern und glichen kurz vor der Halbzeit durch einen Stellungsfehler aus. Somit ging es nach einer eigentlich starken und hoch\u00fcberlegenen ersten Halbzeit mit einem 2:2 in die Pause, was allein durch eigene Fehler und die etwas zu offene Defensive in manchen Situationen entstand.  <\/p>\n\n\n\n<p>Auch in der 2. Halbzeit waren die Gr\u00fcnhemden die spielbestimmende Mannschaft, mit mehr Ballbesitz konnten sich aber nicht mehr die vielen Chancen wie in der ersten Halbzeit erarbeiten. Und so konnte man auf die Tore der Gastgeber in der 55. und 71. nicht mehr reagieren und schied in der ersten Pokalrunde ungl\u00fccklich aus. <\/p>\n\n\n\n<p>Vor allem in der ersten Halbzeit wusste man spielerisch zu \u00fcberzeugen was sich auch in den beiden F\u00fchrungen widerspiegelte, schaffte es aber nicht mit einer F\u00fchrung in die Halbzeit zu kommen, was mit Sicherheit f\u00fcr einen anderen Spielverlauf gesorgt h\u00e4tte. <\/p>\n\n\n\n<p>Als n\u00e4chstes steht am Sonntag die Stadtmeisterschaft an und ab dann gilt der volle Fokus auf das erste Saionspiel gegen den FC Marl.  <\/p>\n","protected":false},"excerpt":{"rendered":"<p>SC Hassel &#8211; SV Zweckel 4:2 (2:2) Der SV Zweckel hat im ersten Pflichtspiel der Saison eine \u00e4rgerliche Niederlage hinnehmen m\u00fcssen. Gegen den Ligakonkurrenten aus Gelsenkirchen nutzten die Gr\u00fcnhemden ihre Chancen nicht und belohnten sich so leider nicht f\u00fcr eine vor allem starke erste Halbzeit. Bereits nach 4 Minuten gingen die Schwarz-Gr\u00fcnen durch einen sch\u00f6nen [&hellip;]<\/p>\n","protected":false},"author":3,"featured_media":16009,"comment_status":"open","ping_status":"closed","sticky":false,"template":"","format":"standard","meta":{"_jetpack_memberships_contains_paid_content":false,"footnotes":"","jetpack_publicize_message":"","jetpack_publicize_feature_enabled":true,"jetpack_social_post_already_shared":false,"jetpack_social_options":{"image_generator_settings":{"template":"highway","default_image_id":0,"font":"","enabled":false},"version":2}},"categories":[2],"tags":[],"class_list":["post-16008","post","type-post","status-publish","format-standard","has-post-thumbnail","hentry","category-1-mannschaft"],"jetpack_publicize_connections":[],"jetpack_featured_media_url":"https:\/\/i0.wp.com\/www.svzweckel.de\/wp-content\/uploads\/WhatsApp-Image-2023-08-04-at-14.48.56.jpeg?fit=800%2C600&ssl=1","jetpack_sharing_enabled":true,"_links":{"self":[{"href":"https:\/\/www.svzweckel.de\/index.php?rest_route=\/wp\/v2\/posts\/16008","targetHints":{"allow":["GET"]}}],"collection":[{"href":"https:\/\/www.svzweckel.de\/index.php?rest_route=\/wp\/v2\/posts"}],"about":[{"href":"https:\/\/www.svzweckel.de\/index.php?rest_route=\/wp\/v2\/types\/post"}],"author":[{"embeddable":true,"href":"https:\/\/www.svzweckel.de\/index.php?rest_route=\/wp\/v2\/users\/3"}],"replies":[{"embeddable":true,"href":"https:\/\/www.svzweckel.de\/index.php?rest_route=%2Fwp%2Fv2%2Fcomments&post=16008"}],"version-history":[{"count":0,"href":"https:\/\/www.svzweckel.de\/index.php?rest_route=\/wp\/v2\/posts\/16008\/revisions"}],"wp:featuredmedia":[{"embeddable":true,"href":"https:\/\/www.svzweckel.de\/index.php?rest_route=\/wp\/v2\/media\/16009"}],"wp:attachment":[{"href":"https:\/\/www.svzweckel.de\/index.php?rest_route=%2Fwp%2Fv2%2Fmedia&parent=16008"}],"wp:term":[{"taxonomy":"category","embeddable":true,"href":"https:\/\/www.svzweckel.de\/index.php?rest_route=%2Fwp%2Fv2%2Fcategories&post=16008"},{"taxonomy":"post_tag","embeddable":true,"href":"https:\/\/www.svzweckel.de\/index.php?rest_route=%2Fwp%2Fv2%2Ftags&post=16008"}],"curies":[{"name":"wp","href":"https:\/\/api.w.org\/{rel}","templated":true}]}}