{"id":16015,"date":"2023-08-06T16:16:25","date_gmt":"2023-08-06T14:16:25","guid":{"rendered":"https:\/\/www.svzweckel.de\/?p=16015"},"modified":"2023-08-06T16:16:26","modified_gmt":"2023-08-06T14:16:26","slug":"vorzeitiges-ende-fuer-den-sv-zweckel","status":"publish","type":"post","link":"https:\/\/www.svzweckel.de\/?p=16015","title":{"rendered":"Vorzeitiges Ende f\u00fcr den SV Zweckel"},"content":{"rendered":"\n<p>Die Erste des SV Zweckel spielte sich mit zwei Siegen in der Vorrunde gegen Wacker und Preu\u00dfen ins Halbfinale und traf dort auf den Gastgeber Schwarz-Blau Gladbeck.<\/p>\n\n\n\n<p>In einem Spiel, in welche der Heimverein einige Male \u00fcberhart einstieg, verpasste es der Schiedsrichter Pascal Alack, zum richtigen Zeitpunkt Grenzen aufzuzeigen. Statt harte Fouls auch mal mit Karten zu ahnden, wurden die Zweckeler, die sich \u00fcber das eine oder andere harte Einsteigen beschwerten, durch ihn ermahnt.<\/p>\n\n\n\n<p>Nach einem klaren Ellbogen-Check im Mittelfeld nutzte Schwarz-Blau die Situation zur F\u00fchrung aus, da der Schiedsrichter zur \u00dcberraschung aller Beteiligten weiterlaufen lie\u00df. <\/p>\n\n\n\n<p>In der Folge kassierten die Zweckeler wegen Reklamierens drei gelbe Karten und Trainer G\u00fcnter Appelt musste mit gelb-rot vom Platz gehen, da auch ihm unsportliches Verhalten durch lautstarkes Reklamieren zur Last gelegt wurde. Nach dem 0:2 durch Schwarz-Blau spielte der Referee Pascal Alack noch einmal Schicksal und pr\u00e4sentierte dem Zweckeler Kapit\u00e4n auch die gelb-rote Karte, weil dieser wieder etwas gesagt haben soll.<\/p>\n\n\n\n<p>Zum Schutz der Spieler und zur Verhinderung weiterer gelb-roter oder roter Karten, die zu einer Sperre des jeweiligen Spielers beim ersten Meisterschaftsspiel f\u00fchren, entschieden sich die Verantwortlichen, die Mannschaft vom Feld zu holen und nicht mehr weiterzuspielen.<\/p>\n\n\n\n<p>In der kommenden Woche werden sich die Verantwortlichen des SV Zweckel noch einmal Gedanken dar\u00fcber machen, ob solche Veranstaltungen unter dem Einfluss von \u00fcberforderten und unsensiblen Schiedsrichtern noch sinnvoll erscheinen. Eine Teilnahme an der Stadtmeisterschaft durch den SV Zweckel muss auch mit Blick auf den Termin und die folgende Meisterschaftssaison kritisch betrachtet werden. <\/p>\n","protected":false},"excerpt":{"rendered":"<p>Die Erste des SV Zweckel spielte sich mit zwei Siegen in der Vorrunde gegen Wacker und Preu\u00dfen ins Halbfinale und traf dort auf den Gastgeber Schwarz-Blau Gladbeck. In einem Spiel, in welche der Heimverein einige Male \u00fcberhart einstieg, verpasste es der Schiedsrichter Pascal Alack, zum richtigen Zeitpunkt Grenzen aufzuzeigen. Statt harte Fouls auch mal mit [&hellip;]<\/p>\n","protected":false},"author":3,"featured_media":16018,"comment_status":"open","ping_status":"closed","sticky":false,"template":"","format":"standard","meta":{"_jetpack_memberships_contains_paid_content":false,"footnotes":"","jetpack_publicize_message":"","jetpack_publicize_feature_enabled":true,"jetpack_social_post_already_shared":false,"jetpack_social_options":{"image_generator_settings":{"template":"highway","default_image_id":0,"font":"","enabled":false},"version":2}},"categories":[3],"tags":[],"class_list":["post-16015","post","type-post","status-publish","format-standard","has-post-thumbnail","hentry","category-allgemein"],"jetpack_publicize_connections":[],"jetpack_featured_media_url":"https:\/\/i0.wp.com\/www.svzweckel.de\/wp-content\/uploads\/DSC00606.jpg?fit=800%2C533&ssl=1","jetpack_sharing_enabled":true,"_links":{"self":[{"href":"https:\/\/www.svzweckel.de\/index.php?rest_route=\/wp\/v2\/posts\/16015","targetHints":{"allow":["GET"]}}],"collection":[{"href":"https:\/\/www.svzweckel.de\/index.php?rest_route=\/wp\/v2\/posts"}],"about":[{"href":"https:\/\/www.svzweckel.de\/index.php?rest_route=\/wp\/v2\/types\/post"}],"author":[{"embeddable":true,"href":"https:\/\/www.svzweckel.de\/index.php?rest_route=\/wp\/v2\/users\/3"}],"replies":[{"embeddable":true,"href":"https:\/\/www.svzweckel.de\/index.php?rest_route=%2Fwp%2Fv2%2Fcomments&post=16015"}],"version-history":[{"count":0,"href":"https:\/\/www.svzweckel.de\/index.php?rest_route=\/wp\/v2\/posts\/16015\/revisions"}],"wp:featuredmedia":[{"embeddable":true,"href":"https:\/\/www.svzweckel.de\/index.php?rest_route=\/wp\/v2\/media\/16018"}],"wp:attachment":[{"href":"https:\/\/www.svzweckel.de\/index.php?rest_route=%2Fwp%2Fv2%2Fmedia&parent=16015"}],"wp:term":[{"taxonomy":"category","embeddable":true,"href":"https:\/\/www.svzweckel.de\/index.php?rest_route=%2Fwp%2Fv2%2Fcategories&post=16015"},{"taxonomy":"post_tag","embeddable":true,"href":"https:\/\/www.svzweckel.de\/index.php?rest_route=%2Fwp%2Fv2%2Ftags&post=16015"}],"curies":[{"name":"wp","href":"https:\/\/api.w.org\/{rel}","templated":true}]}}