{"id":16021,"date":"2023-08-07T08:19:30","date_gmt":"2023-08-07T06:19:30","guid":{"rendered":"https:\/\/www.svzweckel.de\/?p=16021"},"modified":"2023-08-07T08:19:42","modified_gmt":"2023-08-07T06:19:42","slug":"letzter-test-beim-mitbewerber","status":"publish","type":"post","link":"https:\/\/www.svzweckel.de\/?p=16021","title":{"rendered":"Letzter Test beim Mitbewerber"},"content":{"rendered":"\n<p>Mittwoch, 09.08.2023, 19:15 Uhr: RWT Herne &#8211; SV Zweckel<\/p>\n\n\n\n<p>Am kommenden Mittwoch wird die Erste zu einem letzten Test in Herne-Horsthausen antreten. Auf einem Kunstrasenplatz des Fu\u00dfballzentrums Horsthausen, Horsthauser Stra\u00dfe 163, 44682 Herne, wird das Spiel gegen einen Ligarivalen zu einer Standortbestimmung. <\/p>\n\n\n\n<p>Trainer G\u00fcter Appelt muss auf den gesperrten Kapit\u00e4n Sebastian Hagemeister , der sich bei den Stadtmeisterschaften eine gelb-rote Karte eingehandelt hatte und auf Tristan Oben-Stintenberg verzichten, der sich noch im Urlaub befindet.<\/p>\n\n\n\n<p>RWT Herne wird von Michael Pannenbecker trainiert, der vor vom November 18 bis August 19 einige Monate als Trainer in Zweckel agierte.<\/p>\n\n\n\n<p><\/p>\n","protected":false},"excerpt":{"rendered":"<p>Mittwoch, 09.08.2023, 19:15 Uhr: RWT Herne &#8211; SV Zweckel Am kommenden Mittwoch wird die Erste zu einem letzten Test in Herne-Horsthausen antreten. Auf einem Kunstrasenplatz des Fu\u00dfballzentrums Horsthausen, Horsthauser Stra\u00dfe 163, 44682 Herne, wird das Spiel gegen einen Ligarivalen zu einer Standortbestimmung. Trainer G\u00fcter Appelt muss auf den gesperrten Kapit\u00e4n Sebastian Hagemeister , der sich [&hellip;]<\/p>\n","protected":false},"author":3,"featured_media":15898,"comment_status":"closed","ping_status":"closed","sticky":false,"template":"","format":"standard","meta":{"_jetpack_memberships_contains_paid_content":false,"footnotes":"","jetpack_publicize_message":"","jetpack_publicize_feature_enabled":true,"jetpack_social_post_already_shared":false,"jetpack_social_options":{"image_generator_settings":{"template":"highway","default_image_id":0,"font":"","enabled":false},"version":2}},"categories":[2],"tags":[],"class_list":["post-16021","post","type-post","status-publish","format-standard","has-post-thumbnail","hentry","category-1-mannschaft"],"jetpack_publicize_connections":[],"jetpack_featured_media_url":"https:\/\/i0.wp.com\/www.svzweckel.de\/wp-content\/uploads\/wp-16889292019117338993663200642833-scaled.jpg?fit=2560%2C1440&ssl=1","jetpack_sharing_enabled":true,"_links":{"self":[{"href":"https:\/\/www.svzweckel.de\/index.php?rest_route=\/wp\/v2\/posts\/16021","targetHints":{"allow":["GET"]}}],"collection":[{"href":"https:\/\/www.svzweckel.de\/index.php?rest_route=\/wp\/v2\/posts"}],"about":[{"href":"https:\/\/www.svzweckel.de\/index.php?rest_route=\/wp\/v2\/types\/post"}],"author":[{"embeddable":true,"href":"https:\/\/www.svzweckel.de\/index.php?rest_route=\/wp\/v2\/users\/3"}],"replies":[{"embeddable":true,"href":"https:\/\/www.svzweckel.de\/index.php?rest_route=%2Fwp%2Fv2%2Fcomments&post=16021"}],"version-history":[{"count":0,"href":"https:\/\/www.svzweckel.de\/index.php?rest_route=\/wp\/v2\/posts\/16021\/revisions"}],"wp:featuredmedia":[{"embeddable":true,"href":"https:\/\/www.svzweckel.de\/index.php?rest_route=\/wp\/v2\/media\/15898"}],"wp:attachment":[{"href":"https:\/\/www.svzweckel.de\/index.php?rest_route=%2Fwp%2Fv2%2Fmedia&parent=16021"}],"wp:term":[{"taxonomy":"category","embeddable":true,"href":"https:\/\/www.svzweckel.de\/index.php?rest_route=%2Fwp%2Fv2%2Fcategories&post=16021"},{"taxonomy":"post_tag","embeddable":true,"href":"https:\/\/www.svzweckel.de\/index.php?rest_route=%2Fwp%2Fv2%2Ftags&post=16021"}],"curies":[{"name":"wp","href":"https:\/\/api.w.org\/{rel}","templated":true}]}}