{"id":16046,"date":"2023-08-11T14:32:26","date_gmt":"2023-08-11T12:32:26","guid":{"rendered":"https:\/\/www.svzweckel.de\/?p=16046"},"modified":"2023-08-11T14:32:38","modified_gmt":"2023-08-11T12:32:38","slug":"erstes-heimspiel-in-der-bezirksliga","status":"publish","type":"post","link":"https:\/\/www.svzweckel.de\/?p=16046","title":{"rendered":"Erstes Heimspiel in der Bezirksliga"},"content":{"rendered":"\n<p>Sonntag, 13.08.23, 15:00 Uhr: SV Zweckel &#8211; FC Marl<\/p>\n\n\n\n<p>Zum Saisonauftakt wartet auf die Zweckeler ein echter Brocken. Mit dem FC Marl l\u00e4uft ein richtiges Schwergewicht der Liga auf dem Rasenplatz an der Dorstener Stra\u00dfe auf, denn die G\u00e4ste verpassten den Aufstieg in die Landesliga in einem Relegationsspiel gegen Borussia M\u00fcnster. <\/p>\n\n\n\n<p>Sie sind auch in dieser Saison wieder Aufstiegsfavorit, da sie mit einer eingespielten Mannschaft in die Saison gehen. Der SV Zweckel musste viele Neuzug\u00e4nge integrieren und die Vorbereitung lief auch alles andere als glatt.<\/p>\n\n\n\n<p>Trotzdem werde die Zweckeler am Sonntag mit viel Engagement und Herz an das erste Heimspiel der Saison gehen, denn im letzten Jahr war die Konstellation \u00e4hlich: Marl war Favorit und verlor auf dem Rasenplatz an der Dorstener Stra\u00dfe gleich das erste Saisonspiel. In der gesamten Spielzeit verloren die Marler nur noch vier weitere Spiele. <\/p>\n\n\n\n<p>St\u00fcrmer Justin Walendy steht den Zweckelern in den n\u00e4chsten drei Spielen auf Grund einer Sperre aus dem letzten Jahr noch nicht zur Verf\u00fcgung und die Langzeitverletzten Marlon Boris und Miguel Quijada Garrido sind vermutlich bis zum Winter auch noch nicht einsatzf\u00e4hig.<\/p>\n\n\n\n<p>Mit Dario Schierenberg steht nach \u00fcberstandener Verletzung ein Torh\u00fcter zur Verf\u00fcgung und Tristan Oben-Stintenberg ist auch wieder aus dem Urlaub zur\u00fcckgekehrt.<\/p>\n","protected":false},"excerpt":{"rendered":"<p>Sonntag, 13.08.23, 15:00 Uhr: SV Zweckel &#8211; FC Marl Zum Saisonauftakt wartet auf die Zweckeler ein echter Brocken. Mit dem FC Marl l\u00e4uft ein richtiges Schwergewicht der Liga auf dem Rasenplatz an der Dorstener Stra\u00dfe auf, denn die G\u00e4ste verpassten den Aufstieg in die Landesliga in einem Relegationsspiel gegen Borussia M\u00fcnster. Sie sind auch in [&hellip;]<\/p>\n","protected":false},"author":3,"featured_media":16047,"comment_status":"open","ping_status":"closed","sticky":false,"template":"","format":"standard","meta":{"_jetpack_memberships_contains_paid_content":false,"footnotes":"","jetpack_publicize_message":"","jetpack_publicize_feature_enabled":true,"jetpack_social_post_already_shared":false,"jetpack_social_options":{"image_generator_settings":{"template":"highway","default_image_id":0,"font":"","enabled":false},"version":2}},"categories":[2],"tags":[],"class_list":["post-16046","post","type-post","status-publish","format-standard","has-post-thumbnail","hentry","category-1-mannschaft"],"jetpack_publicize_connections":[],"jetpack_featured_media_url":"https:\/\/i0.wp.com\/www.svzweckel.de\/wp-content\/uploads\/DSC00006.jpg?fit=800%2C533&ssl=1","jetpack_sharing_enabled":true,"_links":{"self":[{"href":"https:\/\/www.svzweckel.de\/index.php?rest_route=\/wp\/v2\/posts\/16046","targetHints":{"allow":["GET"]}}],"collection":[{"href":"https:\/\/www.svzweckel.de\/index.php?rest_route=\/wp\/v2\/posts"}],"about":[{"href":"https:\/\/www.svzweckel.de\/index.php?rest_route=\/wp\/v2\/types\/post"}],"author":[{"embeddable":true,"href":"https:\/\/www.svzweckel.de\/index.php?rest_route=\/wp\/v2\/users\/3"}],"replies":[{"embeddable":true,"href":"https:\/\/www.svzweckel.de\/index.php?rest_route=%2Fwp%2Fv2%2Fcomments&post=16046"}],"version-history":[{"count":0,"href":"https:\/\/www.svzweckel.de\/index.php?rest_route=\/wp\/v2\/posts\/16046\/revisions"}],"wp:featuredmedia":[{"embeddable":true,"href":"https:\/\/www.svzweckel.de\/index.php?rest_route=\/wp\/v2\/media\/16047"}],"wp:attachment":[{"href":"https:\/\/www.svzweckel.de\/index.php?rest_route=%2Fwp%2Fv2%2Fmedia&parent=16046"}],"wp:term":[{"taxonomy":"category","embeddable":true,"href":"https:\/\/www.svzweckel.de\/index.php?rest_route=%2Fwp%2Fv2%2Fcategories&post=16046"},{"taxonomy":"post_tag","embeddable":true,"href":"https:\/\/www.svzweckel.de\/index.php?rest_route=%2Fwp%2Fv2%2Ftags&post=16046"}],"curies":[{"name":"wp","href":"https:\/\/api.w.org\/{rel}","templated":true}]}}