{"id":16057,"date":"2023-08-14T08:10:35","date_gmt":"2023-08-14T06:10:35","guid":{"rendered":"https:\/\/www.svzweckel.de\/?p=16057"},"modified":"2023-08-14T08:17:43","modified_gmt":"2023-08-14T06:17:43","slug":"effektivitaet-vs-schlafmuetzigkeit","status":"publish","type":"post","link":"https:\/\/www.svzweckel.de\/?p=16057","title":{"rendered":"Effektivit\u00e4t vs. Schlafm\u00fctzigkeit"},"content":{"rendered":"\n<p>SV Zweckel &#8211; FC Marl 1:7<\/p>\n\n\n\n<p>Es war von Anfang an klar, dass Marl nicht der Ma\u00dfstab f\u00fcr den SV Zweckel sein wird. Allerdings ist die Niederlage dann doch noch recht happig ausgefallen.<\/p>\n\n\n\n<p>Nach gutem Beginn unterliefen den Gastgebern bis zur Halbzeit zwei gravierende Fehler zum 0:1 und zum 0:3, die dar\u00fcf sorgten, dass die Messe beim Pausenwechsel schon gelesen war. <\/p>\n\n\n\n<p>Mit gnadenloser Effektivit\u00e4t versenkten die G\u00e4ste, die \u00fcber einen mehr als oberligareifen Kader verf\u00fcgen, die B\u00e4lle im Zweckeler Netz, so dass Keeper Dario Schierenberg bis dahin keine Chance hatte.<\/p>\n\n\n\n<p>Nach dem Seitenwechsel wurden die Zweckeler zwar etwas mutiger, wurden aber wiederum durch Jan-Niklas Kaiser, er \u00fcber Regionalligaerfahrung verf\u00fcgt, mit einem Schlenzer zum 0:4 bestraft. Ein katastrophaler R\u00fcckpass f\u00fchrte zum 0:5 und offentbarte noch einmal die Schw\u00e4chen der Gastgeber. <\/p>\n\n\n\n<p>Druckvolles Spiel nach vorne blieb Mangelware und in den meisten F\u00e4llen liefen die Zweckeler den Marlern immer hinterher und bekamen keinen Zugriff, zumal die Zweikampfh\u00e4rte fehlte, um dem Gast Paroli zu bieten. <\/p>\n\n\n\n<p>Ein Problem war aber schon jetzt zu erkennen: Es fehlt an einem aggressiven Sechser, der vor der Abwehr mit l\u00e4uferischem K\u00f6nnen und Zweikampfst\u00e4rke mehr Sicherheit ins Zweckeler Spiel bringt und schnelle Konter der Gegner unterbinden kann. <\/p>\n\n\n\n<p>Mit Ismail Talha Uzan brachte Trainer G\u00fcnter Appelt einen jungen Spieler, der gerade der A-Jugend entwachsen ist und in seinem ersten Meisterschaftsspiel f\u00fcr den SV Zweckel einige positive Akzente setzte. Er war es auch der mit seiner Geschwindigkeit einen Ball erlief und mit einem Schlenzer den Marler Keeper Florian Kraft, der immerhin eine Partie f\u00fcr Fortuna K\u00f6ln in der 3. Liga absolvierte, \u00fcberwinden konnte. <\/p>\n\n\n\n<p>Den letzten Treffer schenkten die Zweckeler wieder dem Gast, denn ein Freisto\u00df in der eigenen H\u00e4lfte wurde leichtsinnig vert\u00e4ndelt, so dass die G\u00e4ste alleine aufs Tor zulaufen und das 1:7 erzielen konnten. <\/p>\n\n\n\n<p>Gegen Marl darf man auch mal verlieren, denn die Mannschaft ist auf allen Positionen deutlich besser besetzt als der SV Zweckel. Leider wurden den G\u00e4sten durch Unkonzentriertheiten vier Tore geschenkt, die diese Mannschaft auf Grund ihrer Qualit\u00e4t auch zu nutzen wussten. <\/p>\n","protected":false},"excerpt":{"rendered":"<p>SV Zweckel &#8211; FC Marl 1:7 Es war von Anfang an klar, dass Marl nicht der Ma\u00dfstab f\u00fcr den SV Zweckel sein wird. Allerdings ist die Niederlage dann doch noch recht happig ausgefallen. Nach gutem Beginn unterliefen den Gastgebern bis zur Halbzeit zwei gravierende Fehler zum 0:1 und zum 0:3, die dar\u00fcf sorgten, dass die [&hellip;]<\/p>\n","protected":false},"author":3,"featured_media":16056,"comment_status":"open","ping_status":"closed","sticky":false,"template":"","format":"standard","meta":{"_jetpack_memberships_contains_paid_content":false,"footnotes":"","jetpack_publicize_message":"","jetpack_publicize_feature_enabled":true,"jetpack_social_post_already_shared":false,"jetpack_social_options":{"image_generator_settings":{"template":"highway","default_image_id":0,"font":"","enabled":false},"version":2}},"categories":[2],"tags":[],"class_list":["post-16057","post","type-post","status-publish","format-standard","has-post-thumbnail","hentry","category-1-mannschaft"],"jetpack_publicize_connections":[],"jetpack_featured_media_url":"https:\/\/i0.wp.com\/www.svzweckel.de\/wp-content\/uploads\/wp-16919911189073297736329130427712-scaled.jpg?fit=2560%2C1440&ssl=1","jetpack_sharing_enabled":true,"_links":{"self":[{"href":"https:\/\/www.svzweckel.de\/index.php?rest_route=\/wp\/v2\/posts\/16057","targetHints":{"allow":["GET"]}}],"collection":[{"href":"https:\/\/www.svzweckel.de\/index.php?rest_route=\/wp\/v2\/posts"}],"about":[{"href":"https:\/\/www.svzweckel.de\/index.php?rest_route=\/wp\/v2\/types\/post"}],"author":[{"embeddable":true,"href":"https:\/\/www.svzweckel.de\/index.php?rest_route=\/wp\/v2\/users\/3"}],"replies":[{"embeddable":true,"href":"https:\/\/www.svzweckel.de\/index.php?rest_route=%2Fwp%2Fv2%2Fcomments&post=16057"}],"version-history":[{"count":0,"href":"https:\/\/www.svzweckel.de\/index.php?rest_route=\/wp\/v2\/posts\/16057\/revisions"}],"wp:featuredmedia":[{"embeddable":true,"href":"https:\/\/www.svzweckel.de\/index.php?rest_route=\/wp\/v2\/media\/16056"}],"wp:attachment":[{"href":"https:\/\/www.svzweckel.de\/index.php?rest_route=%2Fwp%2Fv2%2Fmedia&parent=16057"}],"wp:term":[{"taxonomy":"category","embeddable":true,"href":"https:\/\/www.svzweckel.de\/index.php?rest_route=%2Fwp%2Fv2%2Fcategories&post=16057"},{"taxonomy":"post_tag","embeddable":true,"href":"https:\/\/www.svzweckel.de\/index.php?rest_route=%2Fwp%2Fv2%2Ftags&post=16057"}],"curies":[{"name":"wp","href":"https:\/\/api.w.org\/{rel}","templated":true}]}}