{"id":16157,"date":"2023-08-15T13:38:09","date_gmt":"2023-08-15T11:38:09","guid":{"rendered":"https:\/\/www.svzweckel.de\/?p=16157"},"modified":"2023-08-21T08:08:23","modified_gmt":"2023-08-21T06:08:23","slug":"tag-der-jugend-am-19-august","status":"publish","type":"post","link":"https:\/\/www.svzweckel.de\/?p=16157","title":{"rendered":"Tag der Jugend am 19. August"},"content":{"rendered":"\n<p>Am Samstag stehen die Jubil\u00e4umsfeiern ganz im Zeichen der Jugend!<\/p>\n\n\n\n<p>Um 10:00 Uhr beginnt der Tag der Jugend auf dem Rasenplatz mit den F- und G-Junioren und endet mit einem Spiel der A- und B-Junioren um 18:00 Uhr.<\/p>\n\n\n\n<p>F\u00fcr die kleinen G\u00e4ste steht eine H\u00fcpfburg zur Verf\u00fcgung und nat\u00fcrlich d\u00fcrfen sich die KickerInnen auch zielgenau an einer Torwand ausprobieren. Wer m\u00f6chte, darf auch seine Schusskraft elektronisch messen lassen. <\/p>\n\n\n\n<p>F\u00fcr Essen und Getr\u00e4nke ist gesorgt und neben Grillgut werden Waffeln und Kuchen angeboten. Selbstverst\u00e4ndlich wird auch eine Slush-Eismaschine nicht fehlen. <\/p>\n\n\n\n<p>Die Jugendabteilung freut sich sowohl auf die Zweckeler Jugend als auch auf andere Zuschauer und G\u00e4ste, die sich das bunte Treiben auf dem Sportplatz einmal anschauen m\u00f6chten. <\/p>\n","protected":false},"excerpt":{"rendered":"<p>Am Samstag stehen die Jubil\u00e4umsfeiern ganz im Zeichen der Jugend! Um 10:00 Uhr beginnt der Tag der Jugend auf dem Rasenplatz mit den F- und G-Junioren und endet mit einem Spiel der A- und B-Junioren um 18:00 Uhr. F\u00fcr die kleinen G\u00e4ste steht eine H\u00fcpfburg zur Verf\u00fcgung und nat\u00fcrlich d\u00fcrfen sich die KickerInnen auch zielgenau [&hellip;]<\/p>\n","protected":false},"author":3,"featured_media":1114,"comment_status":"open","ping_status":"closed","sticky":false,"template":"","format":"standard","meta":{"_jetpack_memberships_contains_paid_content":false,"footnotes":"","jetpack_publicize_message":"","jetpack_publicize_feature_enabled":true,"jetpack_social_post_already_shared":false,"jetpack_social_options":{"image_generator_settings":{"template":"highway","default_image_id":0,"font":"","enabled":false},"version":2}},"categories":[3],"tags":[],"class_list":["post-16157","post","type-post","status-publish","format-standard","has-post-thumbnail","hentry","category-allgemein"],"jetpack_publicize_connections":[],"jetpack_featured_media_url":"https:\/\/i0.wp.com\/www.svzweckel.de\/wp-content\/uploads\/2014\/10\/Neues-Bild.png?fit=800%2C455&ssl=1","jetpack_sharing_enabled":true,"_links":{"self":[{"href":"https:\/\/www.svzweckel.de\/index.php?rest_route=\/wp\/v2\/posts\/16157","targetHints":{"allow":["GET"]}}],"collection":[{"href":"https:\/\/www.svzweckel.de\/index.php?rest_route=\/wp\/v2\/posts"}],"about":[{"href":"https:\/\/www.svzweckel.de\/index.php?rest_route=\/wp\/v2\/types\/post"}],"author":[{"embeddable":true,"href":"https:\/\/www.svzweckel.de\/index.php?rest_route=\/wp\/v2\/users\/3"}],"replies":[{"embeddable":true,"href":"https:\/\/www.svzweckel.de\/index.php?rest_route=%2Fwp%2Fv2%2Fcomments&post=16157"}],"version-history":[{"count":0,"href":"https:\/\/www.svzweckel.de\/index.php?rest_route=\/wp\/v2\/posts\/16157\/revisions"}],"wp:featuredmedia":[{"embeddable":true,"href":"https:\/\/www.svzweckel.de\/index.php?rest_route=\/wp\/v2\/media\/1114"}],"wp:attachment":[{"href":"https:\/\/www.svzweckel.de\/index.php?rest_route=%2Fwp%2Fv2%2Fmedia&parent=16157"}],"wp:term":[{"taxonomy":"category","embeddable":true,"href":"https:\/\/www.svzweckel.de\/index.php?rest_route=%2Fwp%2Fv2%2Fcategories&post=16157"},{"taxonomy":"post_tag","embeddable":true,"href":"https:\/\/www.svzweckel.de\/index.php?rest_route=%2Fwp%2Fv2%2Ftags&post=16157"}],"curies":[{"name":"wp","href":"https:\/\/api.w.org\/{rel}","templated":true}]}}