{"id":16178,"date":"2023-08-20T21:28:12","date_gmt":"2023-08-20T19:28:12","guid":{"rendered":"https:\/\/www.svzweckel.de\/?p=16178"},"modified":"2023-08-21T10:32:03","modified_gmt":"2023-08-21T08:32:03","slug":"punktgewinn-in-hessler","status":"publish","type":"post","link":"https:\/\/www.svzweckel.de\/?p=16178","title":{"rendered":"Punktgewinn in Hessler"},"content":{"rendered":"\n<p>Hessler 06 &#8211; SV Zweckel 1:1 (1:0)<\/p>\n\n\n\n<p>Der SV Zweckel hat im zweiten Saisonspiel beim letztj\u00e4hrigen Tabellendritten ein mehr als verdientes Unentschieden erk\u00e4mpft. <\/p>\n\n\n\n<p>Die G\u00e4ste waren im Vergleich zum Auftaktspiel gegen Marl kaum wiederzuerkennen und zeigten Kampf und Einsatzbereitschaft. Bereits in den ersten Minuten hatten die Zweckeler drei gute Einschussm\u00f6glichkeiten, von denen eine sogar &#8222;100prozentig&#8220; war; ein Tor fiel leider nicht. Doch bereits nach 8 Minuten fiel auf der anderen Seite der F\u00fchrungstreffer f\u00fcr die Heimmannschaft. Nach einer Ecke wurde der aufger\u00fcckte Hessleraner Innenverteidiger nicht konsequent verteidigt und konnte eink\u00f6pfen.<\/p>\n\n\n\n<p>Doch anders als im ersten Spiel gegen Marl blieb es in Hessler bei dem einen individuellen Fehler der Zweckeler. Durch personelle Umstellungen hatte Trainer G\u00fcnter Appelt f\u00fcr eine Stabilisierung der Defensive gesorgt. Serkan K\u00f6se r\u00fcckte mit Jonas Gerfen in Abwehrzentrale, Sebastian Waldner verteidigte rechts und Sebastian Hagemeister links. Dadurch r\u00fcckte Tristan Oben-Stintenberg auf die Sechserposition. Diese Ma\u00dfnahmen f\u00fchrten dazu, dass die Defensive stabilisiert wurde und der Gastgeber kaum gef\u00e4hrliche Situationen kreieren konnte. Die Zweckeler dr\u00fcckten zwar weiter nach vorne, konnten aber leider den Ausgleich nicht erzielen. <\/p>\n\n\n\n<p>Nach dem Seitenwechsel dr\u00e4ngten die Zweckeler weiter nach vorne und im Laufe der Spielzeit war deutlich zu erkennen, dass die G\u00e4ste der Heimmannschaft konditionelle \u00fcberlegen war. Mit frischen Spielern warfen die Zweckeler alles nach vorne und Hessler verlegte sich nur noch auf Kontern. Mit Mann und Maus verteidigten die Hessleraner ihr Geh\u00e4use und es schien so, als ob sie damit \u00fcber die Zeit kommen w\u00fcrden. In der Nachspielzeit nahm der aufger\u00fcckte Kapit\u00e4n &#8222;Seppo&#8220; Hagemeister sich ein Herz und \u00fcberwand mit einem Schuss \u00fcber den etwas zu weit vor dem Tor stehenden Keeper der G\u00e4ste.<\/p>\n\n\n\n<p>Damit gl\u00fcckte den Zweckelern der erste Punktgewinn in der neuen Saison, der mehr als verdient war, auch wenn er erst in der Nachspielzeit fiel. <\/p>\n\n\n\n<p><\/p>\n","protected":false},"excerpt":{"rendered":"<p>Hessler 06 &#8211; SV Zweckel 1:1 (1:0) Der SV Zweckel hat im zweiten Saisonspiel beim letztj\u00e4hrigen Tabellendritten ein mehr als verdientes Unentschieden erk\u00e4mpft. Die G\u00e4ste waren im Vergleich zum Auftaktspiel gegen Marl kaum wiederzuerkennen und zeigten Kampf und Einsatzbereitschaft. Bereits in den ersten Minuten hatten die Zweckeler drei gute Einschussm\u00f6glichkeiten, von denen eine sogar &#8222;100prozentig&#8220; [&hellip;]<\/p>\n","protected":false},"author":3,"featured_media":16173,"comment_status":"open","ping_status":"closed","sticky":false,"template":"","format":"standard","meta":{"_jetpack_memberships_contains_paid_content":false,"footnotes":"","jetpack_publicize_message":"","jetpack_publicize_feature_enabled":true,"jetpack_social_post_already_shared":false,"jetpack_social_options":{"image_generator_settings":{"template":"highway","default_image_id":0,"font":"","enabled":false},"version":2}},"categories":[2],"tags":[],"class_list":["post-16178","post","type-post","status-publish","format-standard","has-post-thumbnail","hentry","category-1-mannschaft"],"jetpack_publicize_connections":[],"jetpack_featured_media_url":"https:\/\/i0.wp.com\/www.svzweckel.de\/wp-content\/uploads\/wp-16925561162457677127618173133291-scaled.jpg?fit=2560%2C1440&ssl=1","jetpack_sharing_enabled":true,"_links":{"self":[{"href":"https:\/\/www.svzweckel.de\/index.php?rest_route=\/wp\/v2\/posts\/16178","targetHints":{"allow":["GET"]}}],"collection":[{"href":"https:\/\/www.svzweckel.de\/index.php?rest_route=\/wp\/v2\/posts"}],"about":[{"href":"https:\/\/www.svzweckel.de\/index.php?rest_route=\/wp\/v2\/types\/post"}],"author":[{"embeddable":true,"href":"https:\/\/www.svzweckel.de\/index.php?rest_route=\/wp\/v2\/users\/3"}],"replies":[{"embeddable":true,"href":"https:\/\/www.svzweckel.de\/index.php?rest_route=%2Fwp%2Fv2%2Fcomments&post=16178"}],"version-history":[{"count":0,"href":"https:\/\/www.svzweckel.de\/index.php?rest_route=\/wp\/v2\/posts\/16178\/revisions"}],"wp:featuredmedia":[{"embeddable":true,"href":"https:\/\/www.svzweckel.de\/index.php?rest_route=\/wp\/v2\/media\/16173"}],"wp:attachment":[{"href":"https:\/\/www.svzweckel.de\/index.php?rest_route=%2Fwp%2Fv2%2Fmedia&parent=16178"}],"wp:term":[{"taxonomy":"category","embeddable":true,"href":"https:\/\/www.svzweckel.de\/index.php?rest_route=%2Fwp%2Fv2%2Fcategories&post=16178"},{"taxonomy":"post_tag","embeddable":true,"href":"https:\/\/www.svzweckel.de\/index.php?rest_route=%2Fwp%2Fv2%2Ftags&post=16178"}],"curies":[{"name":"wp","href":"https:\/\/api.w.org\/{rel}","templated":true}]}}