{"id":16286,"date":"2023-09-04T19:58:22","date_gmt":"2023-09-04T17:58:22","guid":{"rendered":"https:\/\/www.svzweckel.de\/?p=16286"},"modified":"2023-09-04T19:58:23","modified_gmt":"2023-09-04T17:58:23","slug":"zweite-punkteteilung-in-folge","status":"publish","type":"post","link":"https:\/\/www.svzweckel.de\/?p=16286","title":{"rendered":"Zweite Punkteteilung in Folge"},"content":{"rendered":"\n<p><br>Die Erste Mannschaft teilte sich im zweiten Spiel in Folge die Punkte. Einmal mehr zeigte das Team unseres Trainers G\u00fcnter Appelt eine engagierte Vorstellung.<br>Schon nach einer Minute hatten die Zweckeler Grund zum jubeln. Daf\u00fcr verantwortlich war eine gut hereingeschlagene Ecke von Serkan K\u00f6se, welche durch den Spielf\u00fchrer Sebastian Hagemeister mit dem Kopf veredelt wurde.<br>In der Folge standen die Gr\u00fcnhemden defensiv sehr sicher und lie\u00dfen im ersten Durchgang keine nennenswerte Torchance der G\u00e4ste aus Recklinghausen zu. Lediglich die Chancenverwertung lie\u00df mal wieder zu w\u00fcnschen \u00fcbrig.<br>In der 30. Spielminute allerdings brachte Jan Schwers, nach wiederholter Vorarbeit von Serkan K\u00f6se, seine Farben zum Jubeln. Mit einer verdienten 2:0 F\u00fchrung ging es in die Pause.<br>Der zweite Durchgang startete zun\u00e4chst wie der erste endete. In der 48. Spielminute vergab Moritz Heidenreich die Chance auf eine kleine Vorentscheidung nur knapp aus der Distanz. Im Laufe des zweiten Durchgangs lie\u00df die Kraft der Zweckeler sp\u00fcrbar nach, sodass die G\u00e4ste aus Recklinghausen mehr und mehr die Oberhand gewannen. Folgerichtig fiel in der 71. Spielminute der Anschlusstreffer zum zwischenzeitlichen 2:1. Trotz des immer gr\u00f6\u00dfer werdenden Drucks des Gegners erspielten sich die Gr\u00fcnhemden mehrere hochklassige Chancen den alten Abstand wieder herzustellen. Dies gelang allerdings nicht. In der dritten Minute der Nachspielzeit zeigte der \u00e4u\u00dfert souver\u00e4ne Spielleiter Kevin Biletzke einem FC-Akteur die Ampelkarte.<br>\u201eJetzt muss es doch zum Sieg reichen\u2026\u201c dachten sich wohl die zahlreich erschienen Zweckeler Anh\u00e4nger. Es reichte nicht, denn nur eine Zeigerumdrehung sp\u00e4ter stocherten die G\u00e4ste den Ball nach einer Standardsituation doch noch \u00fcber die Linie.<br>Somit blieb es bei einer insgesamt gerechten Punkteteilung.<br><br>Kommendes Wochenende am 10.09.2023 um 13 Uhr ist die Zweckeler Mannschaft zu Gast bei SSV Buer 2.<\/p>\n","protected":false},"excerpt":{"rendered":"<p>Die Erste Mannschaft teilte sich im zweiten Spiel in Folge die Punkte. Einmal mehr zeigte das Team unseres Trainers G\u00fcnter Appelt eine engagierte Vorstellung.Schon nach einer Minute hatten die Zweckeler Grund zum jubeln. Daf\u00fcr verantwortlich war eine gut hereingeschlagene Ecke von Serkan K\u00f6se, welche durch den Spielf\u00fchrer Sebastian Hagemeister mit dem Kopf veredelt wurde.In der [&hellip;]<\/p>\n","protected":false},"author":3,"featured_media":15905,"comment_status":"open","ping_status":"closed","sticky":false,"template":"","format":"standard","meta":{"_jetpack_memberships_contains_paid_content":false,"footnotes":"","jetpack_publicize_message":"","jetpack_publicize_feature_enabled":true,"jetpack_social_post_already_shared":false,"jetpack_social_options":{"image_generator_settings":{"template":"highway","default_image_id":0,"font":"","enabled":false},"version":2}},"categories":[3],"tags":[],"class_list":["post-16286","post","type-post","status-publish","format-standard","has-post-thumbnail","hentry","category-allgemein"],"jetpack_publicize_connections":[],"jetpack_featured_media_url":"https:\/\/i0.wp.com\/www.svzweckel.de\/wp-content\/uploads\/dsc_00409215391860331656750-scaled.jpg?fit=2560%2C1440&ssl=1","jetpack_sharing_enabled":true,"_links":{"self":[{"href":"https:\/\/www.svzweckel.de\/index.php?rest_route=\/wp\/v2\/posts\/16286","targetHints":{"allow":["GET"]}}],"collection":[{"href":"https:\/\/www.svzweckel.de\/index.php?rest_route=\/wp\/v2\/posts"}],"about":[{"href":"https:\/\/www.svzweckel.de\/index.php?rest_route=\/wp\/v2\/types\/post"}],"author":[{"embeddable":true,"href":"https:\/\/www.svzweckel.de\/index.php?rest_route=\/wp\/v2\/users\/3"}],"replies":[{"embeddable":true,"href":"https:\/\/www.svzweckel.de\/index.php?rest_route=%2Fwp%2Fv2%2Fcomments&post=16286"}],"version-history":[{"count":0,"href":"https:\/\/www.svzweckel.de\/index.php?rest_route=\/wp\/v2\/posts\/16286\/revisions"}],"wp:featuredmedia":[{"embeddable":true,"href":"https:\/\/www.svzweckel.de\/index.php?rest_route=\/wp\/v2\/media\/15905"}],"wp:attachment":[{"href":"https:\/\/www.svzweckel.de\/index.php?rest_route=%2Fwp%2Fv2%2Fmedia&parent=16286"}],"wp:term":[{"taxonomy":"category","embeddable":true,"href":"https:\/\/www.svzweckel.de\/index.php?rest_route=%2Fwp%2Fv2%2Fcategories&post=16286"},{"taxonomy":"post_tag","embeddable":true,"href":"https:\/\/www.svzweckel.de\/index.php?rest_route=%2Fwp%2Fv2%2Ftags&post=16286"}],"curies":[{"name":"wp","href":"https:\/\/api.w.org\/{rel}","templated":true}]}}