{"id":16292,"date":"2023-09-15T23:37:23","date_gmt":"2023-09-15T21:37:23","guid":{"rendered":"https:\/\/www.svzweckel.de\/?p=16292"},"modified":"2023-09-15T23:37:24","modified_gmt":"2023-09-15T21:37:24","slug":"heimspiel-gegen-hassel","status":"publish","type":"post","link":"https:\/\/www.svzweckel.de\/?p=16292","title":{"rendered":"Heimspiel gegen Hassel"},"content":{"rendered":"\n<p>17.09.23, 15:00 Uhr: SV Zweckel &#8211; SV Hassel<\/p>\n\n\n\n<p>Nach vier Spielen steht der SV Zweckel noch ohne Sieg da. Nach der Auftaktniederlage gegen Marl reichtes es in den beiden folgenden Spielen nur zu zwei Unentschieden in He\u00dfler und gegen Recklinghausen. <\/p>\n\n\n\n<p>Am vergangenen Sonntag verloren die Schwarz-Gr\u00fcnen beim Aufsteiger in Buer und m\u00fcssen jetzt gegen den Nachbarn aus Hassel ran, die am letzten Sonntag mit 2:1 gegen He\u00dfler gewannen.<\/p>\n\n\n\n<p>Die Zweckeler m\u00fcssen alles in die Waagschale werfen, um am Ende hoffentlich den ersten Sieg einzufahren. Leider stehen dem Trainergespann nicht alle Spieler zur Verf\u00fcgung, denn mit Sebastian Waldner und Jonas Gerfen weilen zwei Spieler im Urlaub, Justin Walendy, Enes Aldirmaz und Serkan K\u00f6se (gelb-rot- Sperre) stehen ebenfalls nicht zur Verf\u00fcgung.<\/p>\n\n\n\n<p><\/p>\n","protected":false},"excerpt":{"rendered":"<p>17.09.23, 15:00 Uhr: SV Zweckel &#8211; SV Hassel Nach vier Spielen steht der SV Zweckel noch ohne Sieg da. Nach der Auftaktniederlage gegen Marl reichtes es in den beiden folgenden Spielen nur zu zwei Unentschieden in He\u00dfler und gegen Recklinghausen. Am vergangenen Sonntag verloren die Schwarz-Gr\u00fcnen beim Aufsteiger in Buer und m\u00fcssen jetzt gegen den [&hellip;]<\/p>\n","protected":false},"author":3,"featured_media":15526,"comment_status":"open","ping_status":"closed","sticky":false,"template":"","format":"standard","meta":{"_jetpack_memberships_contains_paid_content":false,"footnotes":"","jetpack_publicize_message":"","jetpack_publicize_feature_enabled":true,"jetpack_social_post_already_shared":false,"jetpack_social_options":{"image_generator_settings":{"template":"highway","default_image_id":0,"font":"","enabled":false},"version":2}},"categories":[3],"tags":[],"class_list":["post-16292","post","type-post","status-publish","format-standard","has-post-thumbnail","hentry","category-allgemein"],"jetpack_publicize_connections":[],"jetpack_featured_media_url":"https:\/\/i0.wp.com\/www.svzweckel.de\/wp-content\/uploads\/2023\/03\/wp-1678976207343208038753627190461-scaled.jpg?fit=2560%2C1440&ssl=1","jetpack_sharing_enabled":true,"_links":{"self":[{"href":"https:\/\/www.svzweckel.de\/index.php?rest_route=\/wp\/v2\/posts\/16292","targetHints":{"allow":["GET"]}}],"collection":[{"href":"https:\/\/www.svzweckel.de\/index.php?rest_route=\/wp\/v2\/posts"}],"about":[{"href":"https:\/\/www.svzweckel.de\/index.php?rest_route=\/wp\/v2\/types\/post"}],"author":[{"embeddable":true,"href":"https:\/\/www.svzweckel.de\/index.php?rest_route=\/wp\/v2\/users\/3"}],"replies":[{"embeddable":true,"href":"https:\/\/www.svzweckel.de\/index.php?rest_route=%2Fwp%2Fv2%2Fcomments&post=16292"}],"version-history":[{"count":0,"href":"https:\/\/www.svzweckel.de\/index.php?rest_route=\/wp\/v2\/posts\/16292\/revisions"}],"wp:featuredmedia":[{"embeddable":true,"href":"https:\/\/www.svzweckel.de\/index.php?rest_route=\/wp\/v2\/media\/15526"}],"wp:attachment":[{"href":"https:\/\/www.svzweckel.de\/index.php?rest_route=%2Fwp%2Fv2%2Fmedia&parent=16292"}],"wp:term":[{"taxonomy":"category","embeddable":true,"href":"https:\/\/www.svzweckel.de\/index.php?rest_route=%2Fwp%2Fv2%2Fcategories&post=16292"},{"taxonomy":"post_tag","embeddable":true,"href":"https:\/\/www.svzweckel.de\/index.php?rest_route=%2Fwp%2Fv2%2Ftags&post=16292"}],"curies":[{"name":"wp","href":"https:\/\/api.w.org\/{rel}","templated":true}]}}