{"id":16294,"date":"2023-09-17T19:44:48","date_gmt":"2023-09-17T17:44:48","guid":{"rendered":"https:\/\/www.svzweckel.de\/?p=16294"},"modified":"2023-09-17T19:45:26","modified_gmt":"2023-09-17T17:45:26","slug":"spiel-verloren-trainer-verloren","status":"publish","type":"post","link":"https:\/\/www.svzweckel.de\/?p=16294","title":{"rendered":"Spiel verloren, Trainer verloren!"},"content":{"rendered":"\n<p>SV Zweckel &#8211; SC Hassel 0:1 (0:0)<\/p>\n\n\n\n<p>Paukenschlag an der Dorstener Stra\u00dfe: Trainer G\u00fcnter Appelt ist zur\u00fcckgetreten!<\/p>\n\n\n\n<p>Nach der Niederlage teilte G\u00fcnter Appelt dem Vorstand und der \u00d6ffentlichkeit mit, dass er dem Verein nicht mehr als Trainer zur Verf\u00fcgung steht. Die Niederlage war der Ausl\u00f6ser, sein Amt abzugeben. Nach seiner Ansicht erreicht er die Mannschaft nicht mehr. Au\u00dferdem ist er mit der Einstellung einiger Spieler nicht zufrieden und verweist dabei auch auf die teilweise schwache Trainingsbeteiligung der Mannschaft.<\/p>\n\n\n\n<p>Der SV Zweckel bedankt sich bei seinem demissionierten Trainer f\u00fcr die vergangenen Jahre und hofft, dass er dem Verein zuk\u00fcnftig m\u00f6glicherweise in anderer Funktion zur Verf\u00fcgung steht und dabei mithilft, den drohenden Abstieg zu verhindern und wieder in ruhigere Fahrwasser zu gelangen.<\/p>\n\n\n\n<p>Das Spielresultat war offensichtlich der Ausl\u00f6ser f\u00fcr seine endg\u00fcltige Entscheidung und zeigt wieder einmal das Manko der Schwarz-Gr\u00fcnen auf. Die Defensive steht ziemlich sicher, l\u00e4sst kaum Torchancen zu, die Offensive schafft es allerdings auch viel zu selten, die gegnerischen Reihen in Verlegenheit zu bringen. <\/p>\n\n\n\n<p>So endete auch das Spiel gegen Hassel mit einer Niederlage, wobei sich vermutlich bis kurz vor Schluss die meisten Zuschauer schon mit einem Unentschieden f\u00fcr ein ausgeglichenes Spiel angefreundet hatte. Es passte dann auch wieder in die derzeitige Situation der Zweckeler, dass das spielentscheidende Gegentor in der 85. Minute durch einen abgef\u00e4lschten Schuss fiel und die Niederlage besiegelte.<\/p>\n\n\n\n<p>Der Vorstand wird sich schnellstm\u00f6glich um eine Nachfolge f\u00fcr den Trainer bem\u00fchen, jedoch keine vorschnellen Entscheidungen treffen. Ab Dienstag werden Co-Trainer Timon Reschke und &#8222;Seppo&#8220; Hagemeister vorerst das Training leiten.<\/p>\n","protected":false},"excerpt":{"rendered":"<p>SV Zweckel &#8211; SC Hassel 0:1 (0:0) Paukenschlag an der Dorstener Stra\u00dfe: Trainer G\u00fcnter Appelt ist zur\u00fcckgetreten! Nach der Niederlage teilte G\u00fcnter Appelt dem Vorstand und der \u00d6ffentlichkeit mit, dass er dem Verein nicht mehr als Trainer zur Verf\u00fcgung steht. Die Niederlage war der Ausl\u00f6ser, sein Amt abzugeben. Nach seiner Ansicht erreicht er die Mannschaft [&hellip;]<\/p>\n","protected":false},"author":3,"featured_media":16295,"comment_status":"open","ping_status":"closed","sticky":false,"template":"","format":"standard","meta":{"_jetpack_memberships_contains_paid_content":false,"footnotes":"","jetpack_publicize_message":"","jetpack_publicize_feature_enabled":true,"jetpack_social_post_already_shared":false,"jetpack_social_options":{"image_generator_settings":{"template":"highway","default_image_id":0,"font":"","enabled":false},"version":2}},"categories":[2],"tags":[],"class_list":["post-16294","post","type-post","status-publish","format-standard","has-post-thumbnail","hentry","category-1-mannschaft"],"jetpack_publicize_connections":[],"jetpack_featured_media_url":"https:\/\/i0.wp.com\/www.svzweckel.de\/wp-content\/uploads\/wp-16949664115218975247850516273992-scaled.jpg?fit=2560%2C1440&ssl=1","jetpack_sharing_enabled":true,"_links":{"self":[{"href":"https:\/\/www.svzweckel.de\/index.php?rest_route=\/wp\/v2\/posts\/16294","targetHints":{"allow":["GET"]}}],"collection":[{"href":"https:\/\/www.svzweckel.de\/index.php?rest_route=\/wp\/v2\/posts"}],"about":[{"href":"https:\/\/www.svzweckel.de\/index.php?rest_route=\/wp\/v2\/types\/post"}],"author":[{"embeddable":true,"href":"https:\/\/www.svzweckel.de\/index.php?rest_route=\/wp\/v2\/users\/3"}],"replies":[{"embeddable":true,"href":"https:\/\/www.svzweckel.de\/index.php?rest_route=%2Fwp%2Fv2%2Fcomments&post=16294"}],"version-history":[{"count":0,"href":"https:\/\/www.svzweckel.de\/index.php?rest_route=\/wp\/v2\/posts\/16294\/revisions"}],"wp:featuredmedia":[{"embeddable":true,"href":"https:\/\/www.svzweckel.de\/index.php?rest_route=\/wp\/v2\/media\/16295"}],"wp:attachment":[{"href":"https:\/\/www.svzweckel.de\/index.php?rest_route=%2Fwp%2Fv2%2Fmedia&parent=16294"}],"wp:term":[{"taxonomy":"category","embeddable":true,"href":"https:\/\/www.svzweckel.de\/index.php?rest_route=%2Fwp%2Fv2%2Fcategories&post=16294"},{"taxonomy":"post_tag","embeddable":true,"href":"https:\/\/www.svzweckel.de\/index.php?rest_route=%2Fwp%2Fv2%2Ftags&post=16294"}],"curies":[{"name":"wp","href":"https:\/\/api.w.org\/{rel}","templated":true}]}}