{"id":16304,"date":"2023-09-23T13:30:18","date_gmt":"2023-09-23T11:30:18","guid":{"rendered":"https:\/\/www.svzweckel.de\/?p=16304"},"modified":"2023-09-23T13:31:57","modified_gmt":"2023-09-23T11:31:57","slug":"charaktertest-beim-bv-herne-sued","status":"publish","type":"post","link":"https:\/\/www.svzweckel.de\/?p=16304","title":{"rendered":"Charaktertest beim BV Herne-S\u00fcd"},"content":{"rendered":"\n<p>Sonntag, 24.09.23, 15:00 Uhr: BV Herne-S\u00fcd &#8211; SV Zweckel<\/p>\n\n\n\n<p>Am Sonntag werden die Zweckeler nach dem R\u00fccktritt des Trainers G\u00fcnter Appelt beweisen k\u00f6nnen, dass sie bezirksligatauglich sind und beim Aufsteiger in Herne bestehen k\u00f6nnen. <\/p>\n\n\n\n<p>Die Gastgeber haben in 6 Spielen starke 9 Punkte geholt und am letzten Sonntag bei Hessler 06 dreifach gepunktet. Nach einem 2:0-R\u00fcckstand zeigte das Team Moral und drehte die Partie zu seinen Gunsten.<\/p>\n\n\n\n<p>In Zweckel trainierte die Mannschaft intensiv und bereitete sich unter der Leitung vom Co-Trainer Timon Reschke auf das wichtige Ausw\u00e4rtsspiel in Herne vor. Die Schwarz-Gr\u00fcnen m\u00fcssen auf Milad Sahebzada verzichten, der nach seiner roten Karte f\u00fcr drei Spiele aussetzen muss. Daf\u00fcr ist Serkan K\u00f6se wieder einsatzf\u00e4hig, der nach seiner gelb-rot-Sperre wieder die F\u00e4den im Mittelfeld ziehen soll.<\/p>\n\n\n\n<p>Es gibt noch kein Ergebnis bei der Suche nach einem neuen Trainer f\u00fcr die 1. Mannschaft; die Gespr\u00e4che laufen noch!<\/p>\n\n\n\n<p>Der Gastgeber hat den SV Zweckel darauf hingewiesen, dass die Auswahl an kostenfreien Parkpl\u00e4tzen sehr begrenzt und es durchaus schon vorgekommen ist, dass das Ordnungsamt am Sonntag vorbeigeschaut hat. Die &#8222;Anlieger frei&#8220;-Stra\u00dfen sind nat\u00fcrlich auch h\u00e4ufig voll.<\/p>\n\n\n\n<p>Adresse: Kunstrasenplatz, Bergstra\u00dfe 1, 44625 Herne<\/p>\n\n\n\n<figure class=\"wp-block-image size-large\"><img data-recalc-dims=\"1\" loading=\"lazy\" decoding=\"async\" width=\"640\" height=\"418\" src=\"https:\/\/i0.wp.com\/www.svzweckel.de\/wp-content\/uploads\/BV-Herne-Sued-Anreise-Parksituation.jpg?resize=640%2C418&#038;ssl=1\" alt=\"\" class=\"wp-image-16305\" srcset=\"https:\/\/i0.wp.com\/www.svzweckel.de\/wp-content\/uploads\/BV-Herne-Sued-Anreise-Parksituation.jpg?resize=800%2C522&amp;ssl=1 800w, https:\/\/i0.wp.com\/www.svzweckel.de\/wp-content\/uploads\/BV-Herne-Sued-Anreise-Parksituation.jpg?resize=300%2C196&amp;ssl=1 300w, https:\/\/i0.wp.com\/www.svzweckel.de\/wp-content\/uploads\/BV-Herne-Sued-Anreise-Parksituation.jpg?resize=150%2C98&amp;ssl=1 150w, https:\/\/i0.wp.com\/www.svzweckel.de\/wp-content\/uploads\/BV-Herne-Sued-Anreise-Parksituation.jpg?resize=768%2C501&amp;ssl=1 768w, https:\/\/i0.wp.com\/www.svzweckel.de\/wp-content\/uploads\/BV-Herne-Sued-Anreise-Parksituation.jpg?resize=100%2C65&amp;ssl=1 100w, https:\/\/i0.wp.com\/www.svzweckel.de\/wp-content\/uploads\/BV-Herne-Sued-Anreise-Parksituation.jpg?resize=50%2C33&amp;ssl=1 50w, https:\/\/i0.wp.com\/www.svzweckel.de\/wp-content\/uploads\/BV-Herne-Sued-Anreise-Parksituation.jpg?resize=25%2C16&amp;ssl=1 25w, https:\/\/i0.wp.com\/www.svzweckel.de\/wp-content\/uploads\/BV-Herne-Sued-Anreise-Parksituation.jpg?resize=490%2C320&amp;ssl=1 490w, https:\/\/i0.wp.com\/www.svzweckel.de\/wp-content\/uploads\/BV-Herne-Sued-Anreise-Parksituation.jpg?resize=160%2C104&amp;ssl=1 160w, https:\/\/i0.wp.com\/www.svzweckel.de\/wp-content\/uploads\/BV-Herne-Sued-Anreise-Parksituation.jpg?w=904&amp;ssl=1 904w\" sizes=\"auto, (max-width: 640px) 100vw, 640px\" \/><\/figure>\n\n\n\n<p><\/p>\n\n\n\n<p><\/p>\n","protected":false},"excerpt":{"rendered":"<p>Sonntag, 24.09.23, 15:00 Uhr: BV Herne-S\u00fcd &#8211; SV Zweckel Am Sonntag werden die Zweckeler nach dem R\u00fccktritt des Trainers G\u00fcnter Appelt beweisen k\u00f6nnen, dass sie bezirksligatauglich sind und beim Aufsteiger in Herne bestehen k\u00f6nnen. Die Gastgeber haben in 6 Spielen starke 9 Punkte geholt und am letzten Sonntag bei Hessler 06 dreifach gepunktet. Nach einem [&hellip;]<\/p>\n","protected":false},"author":3,"featured_media":16297,"comment_status":"open","ping_status":"closed","sticky":false,"template":"","format":"standard","meta":{"_jetpack_memberships_contains_paid_content":false,"footnotes":"","jetpack_publicize_message":"","jetpack_publicize_feature_enabled":true,"jetpack_social_post_already_shared":false,"jetpack_social_options":{"image_generator_settings":{"template":"highway","default_image_id":0,"font":"","enabled":false},"version":2}},"categories":[2],"tags":[],"class_list":["post-16304","post","type-post","status-publish","format-standard","has-post-thumbnail","hentry","category-1-mannschaft"],"jetpack_publicize_connections":[],"jetpack_featured_media_url":"https:\/\/i0.wp.com\/www.svzweckel.de\/wp-content\/uploads\/wp-16949664531866551583175575720602-scaled.jpg?fit=2560%2C1440&ssl=1","jetpack_sharing_enabled":true,"_links":{"self":[{"href":"https:\/\/www.svzweckel.de\/index.php?rest_route=\/wp\/v2\/posts\/16304","targetHints":{"allow":["GET"]}}],"collection":[{"href":"https:\/\/www.svzweckel.de\/index.php?rest_route=\/wp\/v2\/posts"}],"about":[{"href":"https:\/\/www.svzweckel.de\/index.php?rest_route=\/wp\/v2\/types\/post"}],"author":[{"embeddable":true,"href":"https:\/\/www.svzweckel.de\/index.php?rest_route=\/wp\/v2\/users\/3"}],"replies":[{"embeddable":true,"href":"https:\/\/www.svzweckel.de\/index.php?rest_route=%2Fwp%2Fv2%2Fcomments&post=16304"}],"version-history":[{"count":0,"href":"https:\/\/www.svzweckel.de\/index.php?rest_route=\/wp\/v2\/posts\/16304\/revisions"}],"wp:featuredmedia":[{"embeddable":true,"href":"https:\/\/www.svzweckel.de\/index.php?rest_route=\/wp\/v2\/media\/16297"}],"wp:attachment":[{"href":"https:\/\/www.svzweckel.de\/index.php?rest_route=%2Fwp%2Fv2%2Fmedia&parent=16304"}],"wp:term":[{"taxonomy":"category","embeddable":true,"href":"https:\/\/www.svzweckel.de\/index.php?rest_route=%2Fwp%2Fv2%2Fcategories&post=16304"},{"taxonomy":"post_tag","embeddable":true,"href":"https:\/\/www.svzweckel.de\/index.php?rest_route=%2Fwp%2Fv2%2Ftags&post=16304"}],"curies":[{"name":"wp","href":"https:\/\/api.w.org\/{rel}","templated":true}]}}