{"id":16310,"date":"2023-09-26T13:47:00","date_gmt":"2023-09-26T11:47:00","guid":{"rendered":"https:\/\/www.svzweckel.de\/?p=16310"},"modified":"2023-09-26T13:47:02","modified_gmt":"2023-09-26T11:47:02","slug":"test-nicht-bestanden","status":"publish","type":"post","link":"https:\/\/www.svzweckel.de\/?p=16310","title":{"rendered":"Test nicht bestanden"},"content":{"rendered":"\n<p>BV Herne-S\u00fcd &#8211; SV Zweckel 4:2 (2:0)<\/p>\n\n\n\n<p>Es sollte ein Charaktertest sein, der leider nicht bestanden wurde. Es lag nicht am fehlenden Einsatzwillen oder Engagement, sondern einmal mehr an individuellen Fehlern, welche die Zweckeler auf die Verliererstra\u00dfe gerieten lie\u00dfen. <\/p>\n\n\n\n<p>Die Mannschaft wurde durch Timon Reschke, Sebastian Hagemeister und Serkan K\u00f6se gut eingestellt und machte ihre Sache in der ersten halben Stunde wirklich gut. Dann entschied der eigentlich gute Schiedsrichter Sven-Patrick Schilz zur Verwunderung auch der Gastgeber auf Elfmeter, weil er ein Foul in der Box gesehen haben wollte. Dieses Geschenk lie\u00dfen sich die Herne nicht entgehen und trafen zur gl\u00fccklichen F\u00fchrung.<\/p>\n\n\n\n<p>Doch das waren der Geschenke nicht genug. Ein Freisto\u00df von der Mittellinie wurde schnell und direkt ausgef\u00fchrt und segelte in der 45. Minute \u00fcber Keeper Dario Schierenberg in den Giebel.<\/p>\n\n\n\n<p>In der Halbzeitpause versprachen die Zweckeler, noch einmal alles zu geben, um noch etwas Z\u00e4hlbares aus Herne mitzunehmen, gerieten allerdings in der 46. Minute durch eine mehr als deutliche Abseitsstellung mit 3:0 in R\u00fcckstand. Danach gab es nur noch eine Richtung und die Schwarz-Gr\u00fcnen griffen mit Mann und Maus an und setzten die Gastgeber nach einer Umstellung auf eine Dreierkette unter Druck. In der 74. Minute fiel durch einen Elfmeter das 3:1, weil Serkan K\u00f6se sicher vom Punkt verwandelte. Tristan Oben-Stintenberg war zuvor im Sechzehner umgerissen worden. <\/p>\n\n\n\n<p>Nur eine Minute sp\u00e4ter verfehlte Laith Al Masri nur knapp den Anschlusstreffer. Auf der anderen Seite erzielten die S\u00fcder durch ihren einzigen sehr gut vorgetragenen Angriff das 4:1, wobei auch hier ein individueller Abspielfehler zum Konter f\u00fchrte. <\/p>\n\n\n\n<p>Die Zweckeler gaben nicht auf und belohnten sich nach einem sch\u00f6nen Angriff \u00fcber Jan Schwers, der sich auf der rechten Seite durchgesetzt und zu Laith Al Masri gepasst hatte, mit dem zweiten Treffer. <\/p>\n\n\n\n<p>Mehr war danach leider nicht drin!<\/p>\n","protected":false},"excerpt":{"rendered":"<p>BV Herne-S\u00fcd &#8211; SV Zweckel 4:2 (2:0) Es sollte ein Charaktertest sein, der leider nicht bestanden wurde. Es lag nicht am fehlenden Einsatzwillen oder Engagement, sondern einmal mehr an individuellen Fehlern, welche die Zweckeler auf die Verliererstra\u00dfe gerieten lie\u00dfen. Die Mannschaft wurde durch Timon Reschke, Sebastian Hagemeister und Serkan K\u00f6se gut eingestellt und machte ihre [&hellip;]<\/p>\n","protected":false},"author":3,"featured_media":16308,"comment_status":"open","ping_status":"closed","sticky":false,"template":"","format":"standard","meta":{"_jetpack_memberships_contains_paid_content":false,"footnotes":"","jetpack_publicize_message":"","jetpack_publicize_feature_enabled":true,"jetpack_social_post_already_shared":false,"jetpack_social_options":{"image_generator_settings":{"template":"highway","default_image_id":0,"font":"","enabled":false},"version":2}},"categories":[2],"tags":[],"class_list":["post-16310","post","type-post","status-publish","format-standard","has-post-thumbnail","hentry","category-1-mannschaft"],"jetpack_publicize_connections":[],"jetpack_featured_media_url":"https:\/\/i0.wp.com\/www.svzweckel.de\/wp-content\/uploads\/wp-16956462547134343677779225758820-scaled.jpg?fit=2560%2C1440&ssl=1","jetpack_sharing_enabled":true,"_links":{"self":[{"href":"https:\/\/www.svzweckel.de\/index.php?rest_route=\/wp\/v2\/posts\/16310","targetHints":{"allow":["GET"]}}],"collection":[{"href":"https:\/\/www.svzweckel.de\/index.php?rest_route=\/wp\/v2\/posts"}],"about":[{"href":"https:\/\/www.svzweckel.de\/index.php?rest_route=\/wp\/v2\/types\/post"}],"author":[{"embeddable":true,"href":"https:\/\/www.svzweckel.de\/index.php?rest_route=\/wp\/v2\/users\/3"}],"replies":[{"embeddable":true,"href":"https:\/\/www.svzweckel.de\/index.php?rest_route=%2Fwp%2Fv2%2Fcomments&post=16310"}],"version-history":[{"count":0,"href":"https:\/\/www.svzweckel.de\/index.php?rest_route=\/wp\/v2\/posts\/16310\/revisions"}],"wp:featuredmedia":[{"embeddable":true,"href":"https:\/\/www.svzweckel.de\/index.php?rest_route=\/wp\/v2\/media\/16308"}],"wp:attachment":[{"href":"https:\/\/www.svzweckel.de\/index.php?rest_route=%2Fwp%2Fv2%2Fmedia&parent=16310"}],"wp:term":[{"taxonomy":"category","embeddable":true,"href":"https:\/\/www.svzweckel.de\/index.php?rest_route=%2Fwp%2Fv2%2Fcategories&post=16310"},{"taxonomy":"post_tag","embeddable":true,"href":"https:\/\/www.svzweckel.de\/index.php?rest_route=%2Fwp%2Fv2%2Ftags&post=16310"}],"curies":[{"name":"wp","href":"https:\/\/api.w.org\/{rel}","templated":true}]}}