{"id":16312,"date":"2023-09-29T21:02:00","date_gmt":"2023-09-29T19:02:00","guid":{"rendered":"https:\/\/www.svzweckel.de\/?p=16312"},"modified":"2023-09-29T21:02:01","modified_gmt":"2023-09-29T19:02:01","slug":"marc-bahl-folgt-guenter-appelt","status":"publish","type":"post","link":"https:\/\/www.svzweckel.de\/?p=16312","title":{"rendered":"Marc Bahl folgt G\u00fcnter Appelt"},"content":{"rendered":"\n<p>Der SV Zweckel mit Marc Bahl einen Nachfolger f\u00fcr den ausgeschiedenen G\u00fcnter Appelt gefunden. Am heutigen Freitagabend wurde der &#8222;Neue&#8220; der Mannschaft vorgestellt und leitete die erste Trainigseinheit. Bereits am Sonntag wird er gegen den VfB H\u00fcls auf der Trainerbank sitzen und f\u00fcr die Mannschaft verantwortlich sein. <\/p>\n\n\n\n<p>Marc Bahl hatte in den vergangen Jahre bereits einige Trainer\u00e4mter bei den Schwarz-Gr\u00fcnen und war zu Oberligazeiten Co-Trainer von G\u00fcnter Appelt. Auch als Trainer der Zweiten und der A-Junioren war er f\u00fcr die Zweckeler aktiv.<\/p>\n\n\n\n<p>Der Sohn des Betreuers &#8222;Waldi&#8220; Bahl \u00fcbernimmt den Verein in einer schwierigen Situation und muss die Mannschaft wieder in die Erfolgsspur f\u00fchren. Dazu bedarf es der Unterst\u00fctzung aller Verantwortlichen, Spieler und Fans. In seiner erst Ansprache galt der Fokus des Trainers insbesondere darauf, dass die Mannschaft als Team auftreten und mit Spa\u00df an die kommenden Aufgaben herangehen soll. <\/p>\n\n\n\n<p>Viel Gl\u00fcck bei der schwierigen Aufgabe!<\/p>\n","protected":false},"excerpt":{"rendered":"<p>Der SV Zweckel mit Marc Bahl einen Nachfolger f\u00fcr den ausgeschiedenen G\u00fcnter Appelt gefunden. Am heutigen Freitagabend wurde der &#8222;Neue&#8220; der Mannschaft vorgestellt und leitete die erste Trainigseinheit. Bereits am Sonntag wird er gegen den VfB H\u00fcls auf der Trainerbank sitzen und f\u00fcr die Mannschaft verantwortlich sein. Marc Bahl hatte in den vergangen Jahre bereits [&hellip;]<\/p>\n","protected":false},"author":3,"featured_media":16314,"comment_status":"open","ping_status":"closed","sticky":false,"template":"","format":"standard","meta":{"_jetpack_memberships_contains_paid_content":false,"footnotes":"","jetpack_publicize_message":"","jetpack_publicize_feature_enabled":true,"jetpack_social_post_already_shared":false,"jetpack_social_options":{"image_generator_settings":{"template":"highway","default_image_id":0,"font":"","enabled":false},"version":2}},"categories":[2],"tags":[],"class_list":["post-16312","post","type-post","status-publish","format-standard","has-post-thumbnail","hentry","category-1-mannschaft"],"jetpack_publicize_connections":[],"jetpack_featured_media_url":"https:\/\/i0.wp.com\/www.svzweckel.de\/wp-content\/uploads\/Bahl_M.jpg?fit=800%2C578&ssl=1","jetpack_sharing_enabled":true,"_links":{"self":[{"href":"https:\/\/www.svzweckel.de\/index.php?rest_route=\/wp\/v2\/posts\/16312","targetHints":{"allow":["GET"]}}],"collection":[{"href":"https:\/\/www.svzweckel.de\/index.php?rest_route=\/wp\/v2\/posts"}],"about":[{"href":"https:\/\/www.svzweckel.de\/index.php?rest_route=\/wp\/v2\/types\/post"}],"author":[{"embeddable":true,"href":"https:\/\/www.svzweckel.de\/index.php?rest_route=\/wp\/v2\/users\/3"}],"replies":[{"embeddable":true,"href":"https:\/\/www.svzweckel.de\/index.php?rest_route=%2Fwp%2Fv2%2Fcomments&post=16312"}],"version-history":[{"count":0,"href":"https:\/\/www.svzweckel.de\/index.php?rest_route=\/wp\/v2\/posts\/16312\/revisions"}],"wp:featuredmedia":[{"embeddable":true,"href":"https:\/\/www.svzweckel.de\/index.php?rest_route=\/wp\/v2\/media\/16314"}],"wp:attachment":[{"href":"https:\/\/www.svzweckel.de\/index.php?rest_route=%2Fwp%2Fv2%2Fmedia&parent=16312"}],"wp:term":[{"taxonomy":"category","embeddable":true,"href":"https:\/\/www.svzweckel.de\/index.php?rest_route=%2Fwp%2Fv2%2Fcategories&post=16312"},{"taxonomy":"post_tag","embeddable":true,"href":"https:\/\/www.svzweckel.de\/index.php?rest_route=%2Fwp%2Fv2%2Ftags&post=16312"}],"curies":[{"name":"wp","href":"https:\/\/api.w.org\/{rel}","templated":true}]}}