{"id":16316,"date":"2023-09-29T21:25:32","date_gmt":"2023-09-29T19:25:32","guid":{"rendered":"https:\/\/www.svzweckel.de\/?p=16316"},"modified":"2023-09-29T21:25:33","modified_gmt":"2023-09-29T19:25:33","slug":"heimspiel-gegen-den-vfb-huels-3","status":"publish","type":"post","link":"https:\/\/www.svzweckel.de\/?p=16316","title":{"rendered":"Heimspiel gegen den VfB H\u00fcls"},"content":{"rendered":"\n<p>Sonntag, 01.10.23, 15:00 Uhr: SV Zweckel &#8211; VfB H\u00fcls<\/p>\n\n\n\n<p>Am kommenden Sonntag treffen die Zweckeler auf den VfB H\u00fcls, der mit bisher sieben Punkten ebenfalls hinter den eigenen Anspr\u00fcchen zur\u00fcckliegt. Der VfB hat die letzten drei Spiele verloren und m\u00f6chte in Zweckel wieder in die Erfolgsspur zur\u00fcckfinden. <\/p>\n\n\n\n<p>Die Zweckeler haben bisher leider noch kein Spiel gewonnen und werden gegen H\u00fcls den n\u00e4chsten Versuch unternehmen. Am letzten Sonntag fuhren die Zweckeler eine ungl\u00fccklich Niederlage in Herne ein, welche durch unterschiedliche Fehler zustande kam. Diese gilt es abzustellen, dann klappt es auch mit dem ersten Sieg in der Saison.<\/p>\n\n\n\n<p>Jonas Gerfen und Sebastian Waldner sind wieder aus dem Urlaub zur\u00fcckgekehrt, dagegen steht Milad Sahebzada auf Grund seiner &#8222;Rotsperre&#8220; noch nicht zur Verf\u00fcgung. <\/p>\n\n\n\n<p>Die Schwarz-Gr\u00fcnen m\u00fcssen am Sonntag alles raushauen, um gegen den Favoriten aus H\u00fcls etwas an der Dorstener Stra\u00dfe zu behalten. <\/p>\n","protected":false},"excerpt":{"rendered":"<p>Sonntag, 01.10.23, 15:00 Uhr: SV Zweckel &#8211; VfB H\u00fcls Am kommenden Sonntag treffen die Zweckeler auf den VfB H\u00fcls, der mit bisher sieben Punkten ebenfalls hinter den eigenen Anspr\u00fcchen zur\u00fcckliegt. Der VfB hat die letzten drei Spiele verloren und m\u00f6chte in Zweckel wieder in die Erfolgsspur zur\u00fcckfinden. Die Zweckeler haben bisher leider noch kein Spiel [&hellip;]<\/p>\n","protected":false},"author":3,"featured_media":15773,"comment_status":"open","ping_status":"closed","sticky":false,"template":"","format":"standard","meta":{"_jetpack_memberships_contains_paid_content":false,"footnotes":"","jetpack_publicize_message":"","jetpack_publicize_feature_enabled":true,"jetpack_social_post_already_shared":false,"jetpack_social_options":{"image_generator_settings":{"template":"highway","default_image_id":0,"font":"","enabled":false},"version":2}},"categories":[2],"tags":[],"class_list":["post-16316","post","type-post","status-publish","format-standard","has-post-thumbnail","hentry","category-1-mannschaft"],"jetpack_publicize_connections":[],"jetpack_featured_media_url":"https:\/\/i0.wp.com\/www.svzweckel.de\/wp-content\/uploads\/2023\/05\/wp-16846885203805119826932538917536-scaled.jpg?fit=2560%2C1440&ssl=1","jetpack_sharing_enabled":true,"_links":{"self":[{"href":"https:\/\/www.svzweckel.de\/index.php?rest_route=\/wp\/v2\/posts\/16316","targetHints":{"allow":["GET"]}}],"collection":[{"href":"https:\/\/www.svzweckel.de\/index.php?rest_route=\/wp\/v2\/posts"}],"about":[{"href":"https:\/\/www.svzweckel.de\/index.php?rest_route=\/wp\/v2\/types\/post"}],"author":[{"embeddable":true,"href":"https:\/\/www.svzweckel.de\/index.php?rest_route=\/wp\/v2\/users\/3"}],"replies":[{"embeddable":true,"href":"https:\/\/www.svzweckel.de\/index.php?rest_route=%2Fwp%2Fv2%2Fcomments&post=16316"}],"version-history":[{"count":0,"href":"https:\/\/www.svzweckel.de\/index.php?rest_route=\/wp\/v2\/posts\/16316\/revisions"}],"wp:featuredmedia":[{"embeddable":true,"href":"https:\/\/www.svzweckel.de\/index.php?rest_route=\/wp\/v2\/media\/15773"}],"wp:attachment":[{"href":"https:\/\/www.svzweckel.de\/index.php?rest_route=%2Fwp%2Fv2%2Fmedia&parent=16316"}],"wp:term":[{"taxonomy":"category","embeddable":true,"href":"https:\/\/www.svzweckel.de\/index.php?rest_route=%2Fwp%2Fv2%2Fcategories&post=16316"},{"taxonomy":"post_tag","embeddable":true,"href":"https:\/\/www.svzweckel.de\/index.php?rest_route=%2Fwp%2Fv2%2Ftags&post=16316"}],"curies":[{"name":"wp","href":"https:\/\/api.w.org\/{rel}","templated":true}]}}