{"id":1633,"date":"2014-12-06T20:22:05","date_gmt":"2014-12-06T20:22:05","guid":{"rendered":"http:\/\/www.svzweckel.de\/?p=1633"},"modified":"2014-12-06T20:22:54","modified_gmt":"2014-12-06T20:22:54","slug":"spitzenreiter-laesst-bei-der-reserve-die-ersten-punkte-liegen","status":"publish","type":"post","link":"https:\/\/www.svzweckel.de\/?p=1633","title":{"rendered":"Spitzenreiter l\u00e4sst bei der Reserve die ersten Punkte liegen"},"content":{"rendered":"<p><strong>SV Zweckel II &#8211; Erler SV 08 \u00a0\u00a0\u00a0\u00a0\u00a0\u00a0\u00a0\u00a0\u00a0\u00a0 0:0<\/strong><\/p>\n<p>Das erste Spiel der R\u00fcckrunde bestritt die Reserve des SV Zweckel gegen den ungef\u00e4hrdeten Spitzenreiter der Kreisliga A 1. In 15 Spielen haben die Erler in der Hinrunde 15 Siege eingefahren und f\u00fchrten die Tabelle mit 15 Punkten Vorsprung an. Doch im ersten R\u00fcckrundenspiel kamen die Erler am Samstag nach einem intensiven Spiel im Zweckeler K\u00e4fig \u00fcber einen Punkt nicht hinaus.<br \/>\nDer SVZ begann mutig und h\u00e4tte in den ersten 4 Minute schon zwei Tore erzielen k\u00f6nnen aber Tim Helwig und Bryan Chang Kau scheiterten knapp am guten Erler Keeper. Dier G\u00e4ste wurden immer wieder durch den ehemaligen Schalker Profi Marvin Pachan (24) angetrieben, der im Mitelfeld die F\u00e4den zog. Der SVZ versteckte sich abaer nicht und bot dem Spitzenreiter einen hervorragenden Kampf.<br \/>\nNach elf Minuten musste Robin Lenz verletzt den Platz verlassen, f\u00fcr ihn kam Mehmet Karabulut. Bis zur Halbzeitpause waren die Gastgeber im K\u00e4fig die bessere Mannschaft und kamen zu einige Chancen. Das \u00e4nderte sich nach dem Halbzeitpfiff allerdings, denn die G\u00e4ste bauten m\u00e4chtig Druck auf. Aber auch sie schafften es nicht, den Ball in das Eckige zu bringen. Entweder hielt Keeper Christian Scheuplein den Kasten sauber oder das Gl\u00fcck stand den Zweckelern zur Seite. Zweimal rettete das Aluminium die Null, ansonsten stand die Defensive um Abwehrorganisator David Kulina hervorragend. In der 64. Minute kam Ziya Beselvi f\u00fcr My Adil Lahbabi auf das Spielfeld. In der Mitte der zweiten Halbzeit wurde das Spiel noch hektischer und nickliger. Die G\u00e4ste waren nicht gewillt, die ersten Punkte zu verlieren und legten bez\u00fcglich der H\u00e4rte noch einmal nach. Das hatte auch einige gelbe Karten zur Folge. In der 75. Minute hatten die Zweckeler Fans schon den Torschrei auf den Lippen und bejubelten das 1:0 f\u00fcr den SVZ. Mike Jungnickel k\u00f6pfte ein, aber der Schiedsrichter hatte was dagegen, denn er hatte &#8211; wohl als Einziger &#8211;\u00a0 ein Abseits gesehen.<br \/>\nDie F\u00fchrung w\u00e4re auf Grund der zweiten Halbzeit sicher gl\u00fccklich gewesen und die ber\u00fchmten letzten Minuten der Erler \u00fcberstanden die Zweckeler souver\u00e4n. Im Hinspiel hattten die Zweckeler noch in der Nachspielzeit ungl\u00fccklich verloren. Das war heute anders, denn am Ende stand ein gerechtes Unentschieden und die Erler gingen das erste Mal in dieser Saison nicht als Sieger vom Platz. Dieser Erfolg gegen den Spitzenreiter k\u00f6nnte durchaus ein gutes Omen f\u00fcr das morgige Spiel der Ersten gegen RW Ahlen sein.<\/p>\n","protected":false},"excerpt":{"rendered":"<p>SV Zweckel II &#8211; Erler SV 08 \u00a0\u00a0\u00a0\u00a0\u00a0\u00a0\u00a0\u00a0\u00a0\u00a0 0:0 Das erste Spiel der R\u00fcckrunde bestritt die Reserve des SV Zweckel gegen den ungef\u00e4hrdeten Spitzenreiter der Kreisliga A 1. In 15 Spielen haben die Erler in der Hinrunde 15 Siege eingefahren und f\u00fchrten die Tabelle mit 15 Punkten Vorsprung an. Doch im ersten R\u00fcckrundenspiel kamen die [&hellip;]<\/p>\n","protected":false},"author":3,"featured_media":0,"comment_status":"open","ping_status":"open","sticky":false,"template":"","format":"standard","meta":{"_jetpack_memberships_contains_paid_content":false,"footnotes":"","jetpack_publicize_message":"","jetpack_publicize_feature_enabled":true,"jetpack_social_post_already_shared":false,"jetpack_social_options":{"image_generator_settings":{"template":"highway","default_image_id":0,"font":"","enabled":false},"version":2}},"categories":[20],"tags":[],"class_list":["post-1633","post","type-post","status-publish","format-standard","hentry","category-2-mannschaft"],"jetpack_publicize_connections":[],"jetpack_featured_media_url":"","jetpack_sharing_enabled":true,"_links":{"self":[{"href":"https:\/\/www.svzweckel.de\/index.php?rest_route=\/wp\/v2\/posts\/1633","targetHints":{"allow":["GET"]}}],"collection":[{"href":"https:\/\/www.svzweckel.de\/index.php?rest_route=\/wp\/v2\/posts"}],"about":[{"href":"https:\/\/www.svzweckel.de\/index.php?rest_route=\/wp\/v2\/types\/post"}],"author":[{"embeddable":true,"href":"https:\/\/www.svzweckel.de\/index.php?rest_route=\/wp\/v2\/users\/3"}],"replies":[{"embeddable":true,"href":"https:\/\/www.svzweckel.de\/index.php?rest_route=%2Fwp%2Fv2%2Fcomments&post=1633"}],"version-history":[{"count":0,"href":"https:\/\/www.svzweckel.de\/index.php?rest_route=\/wp\/v2\/posts\/1633\/revisions"}],"wp:attachment":[{"href":"https:\/\/www.svzweckel.de\/index.php?rest_route=%2Fwp%2Fv2%2Fmedia&parent=1633"}],"wp:term":[{"taxonomy":"category","embeddable":true,"href":"https:\/\/www.svzweckel.de\/index.php?rest_route=%2Fwp%2Fv2%2Fcategories&post=1633"},{"taxonomy":"post_tag","embeddable":true,"href":"https:\/\/www.svzweckel.de\/index.php?rest_route=%2Fwp%2Fv2%2Ftags&post=1633"}],"curies":[{"name":"wp","href":"https:\/\/api.w.org\/{rel}","templated":true}]}}