{"id":16351,"date":"2023-10-19T12:56:25","date_gmt":"2023-10-19T10:56:25","guid":{"rendered":"https:\/\/www.svzweckel.de\/?p=16351"},"modified":"2023-10-30T07:45:29","modified_gmt":"2023-10-30T06:45:29","slug":"erster-saisonsieg","status":"publish","type":"post","link":"https:\/\/www.svzweckel.de\/?p=16351","title":{"rendered":"Erster Saisonsieg"},"content":{"rendered":"\n<p>SV Zweckel &#8211; RWT Herne 5:1 (1:0)<\/p>\n\n\n\n<p>Da sind den Verantwortlichen des SV Zweckel, Mitgliedern und Spielern vermutlich mehrere Steine vom Herzen gefallen. Im neunten Saisonspiel kamen die Zweckeler zum ersten Saisonsieg. Nachdem es in den ersten acht Partien leider nur zu drei Unentschieden reichte, konnten die Schwarz-Gr\u00fcnen am Sonntag erstmals als Sieger den Rasenplatz an der Dorstener Stra\u00dfe verlassen. <\/p>\n\n\n\n<p>In der 27. Minute traf Jan Schwers zur F\u00fchrung und die Gastgeber erarbeiteten sich sowohl vor als auch nach dem Treffer gute Torchancen, die jedoch wieder einmal nicht genutzt wurden. <\/p>\n\n\n\n<p>Nach dem Seitenwechsel lie\u00dfen die Zweckeler etwas nach und dem Gast gelang in der 56. Minute der Ausgleich. Danach \u00fcbernahmen die Hausherren wieder das Kommando und k\u00e4mpften sich leidenschaftlich ins Spiel. In der 66. Minute erzielte Enes Aldirmaz aus dem Gew\u00fchl heraus den F\u00fchrungstreffer zum 2:1. <\/p>\n\n\n\n<p>Danach dr\u00fcckten die Schwarz-Gr\u00fcnen weiter aufs Tempo und erzielten durch Ahmet Cicek in der 78. Minute den vorentscheidenden Treffer zum 3:1. <\/p>\n\n\n\n<p>Serkan K\u00f6se und Milad Sahebzada machten in der Nachspielzeit den Deckel auf das Spiel und erh\u00f6hten noch auf 5:1.<\/p>\n\n\n\n<p>Mit diesem Sieg haben die Zweckeler den letzten Tabellenplatz verlassen und sind durch das bessere Torverh\u00e4ltnis gegen\u00fcber RWT Herne auf einen Nichtabstiegsplatz vorger\u00fcckt. <\/p>\n\n\n\n<p>Diese Leistung muss am kommenden Sonntag wiederholt werden, denn dann geht es bei Firtinaspor gegen eine Mannschaft,, die auch um den Klassenerhalt k\u00e4mpft.<\/p>\n","protected":false},"excerpt":{"rendered":"<p>SV Zweckel &#8211; RWT Herne 5:1 (1:0) Da sind den Verantwortlichen des SV Zweckel, Mitgliedern und Spielern vermutlich mehrere Steine vom Herzen gefallen. Im neunten Saisonspiel kamen die Zweckeler zum ersten Saisonsieg. Nachdem es in den ersten acht Partien leider nur zu drei Unentschieden reichte, konnten die Schwarz-Gr\u00fcnen am Sonntag erstmals als Sieger den Rasenplatz [&hellip;]<\/p>\n","protected":false},"author":3,"featured_media":16342,"comment_status":"open","ping_status":"closed","sticky":false,"template":"","format":"standard","meta":{"_jetpack_memberships_contains_paid_content":false,"footnotes":"","jetpack_publicize_message":"","jetpack_publicize_feature_enabled":true,"jetpack_social_post_already_shared":false,"jetpack_social_options":{"image_generator_settings":{"template":"highway","default_image_id":0,"font":"","enabled":false},"version":2}},"categories":[2,3],"tags":[],"class_list":["post-16351","post","type-post","status-publish","format-standard","has-post-thumbnail","hentry","category-1-mannschaft","category-allgemein"],"jetpack_publicize_connections":[],"jetpack_featured_media_url":"https:\/\/i0.wp.com\/www.svzweckel.de\/wp-content\/uploads\/wp-16967804567855787126660853659182-scaled.jpg?fit=2560%2C1440&ssl=1","jetpack_sharing_enabled":true,"_links":{"self":[{"href":"https:\/\/www.svzweckel.de\/index.php?rest_route=\/wp\/v2\/posts\/16351","targetHints":{"allow":["GET"]}}],"collection":[{"href":"https:\/\/www.svzweckel.de\/index.php?rest_route=\/wp\/v2\/posts"}],"about":[{"href":"https:\/\/www.svzweckel.de\/index.php?rest_route=\/wp\/v2\/types\/post"}],"author":[{"embeddable":true,"href":"https:\/\/www.svzweckel.de\/index.php?rest_route=\/wp\/v2\/users\/3"}],"replies":[{"embeddable":true,"href":"https:\/\/www.svzweckel.de\/index.php?rest_route=%2Fwp%2Fv2%2Fcomments&post=16351"}],"version-history":[{"count":0,"href":"https:\/\/www.svzweckel.de\/index.php?rest_route=\/wp\/v2\/posts\/16351\/revisions"}],"wp:featuredmedia":[{"embeddable":true,"href":"https:\/\/www.svzweckel.de\/index.php?rest_route=\/wp\/v2\/media\/16342"}],"wp:attachment":[{"href":"https:\/\/www.svzweckel.de\/index.php?rest_route=%2Fwp%2Fv2%2Fmedia&parent=16351"}],"wp:term":[{"taxonomy":"category","embeddable":true,"href":"https:\/\/www.svzweckel.de\/index.php?rest_route=%2Fwp%2Fv2%2Fcategories&post=16351"},{"taxonomy":"post_tag","embeddable":true,"href":"https:\/\/www.svzweckel.de\/index.php?rest_route=%2Fwp%2Fv2%2Ftags&post=16351"}],"curies":[{"name":"wp","href":"https:\/\/api.w.org\/{rel}","templated":true}]}}